{"id":161421,"date":"2025-07-11T11:00:00","date_gmt":"2025-07-11T05:30:00","guid":{"rendered":""},"modified":"2026-06-09T23:26:10","modified_gmt":"2026-06-09T17:56:10","slug":"hu-why-everyone-should-experience-a-pilgrimage-at-least-once-in-their-life-the-transformative-power-of-sacred-travels","status":"publish","type":"post","link":"https:\/\/mypalmleaf.com\/hu\/hu-why-everyone-should-experience-a-pilgrimage-at-least-once-in-their-life-the-transformative-power-of-sacred-travels\/","title":{"rendered":"Mi\u00e9rt kellene mindenkinek legal\u00e1bb egyszer zar\u00e1ndoklatot tennie az \u00e9letben: a szent utaz\u00e1sok \u00e1talak\u00edt\u00f3 ereje"},"content":{"rendered":"\n<h1 class=\"wp-block-heading\"><strong>Mi\u00e9rt kellene mindenkinek legal\u00e1bb egyszer \u00e9let\u00e9ben \u00e1t\u00e9lnie egy zar\u00e1ndoklatot: A szent utaz\u00e1sok \u00e1tform\u00e1l\u00f3 ereje<\/strong><\/h1>\n\n<p class=\"wp-block-paragraph\">Gondolkodt\u00e1l m\u00e1r azon, mi\u00e9rt utaznak az emberek t\u00f6bb ezer kilom\u00e9tert csak az\u00e9rt, hogy megl\u00e1togassanak egy szent helyet? Az El Camino kanyarg\u00f3s \u00f6sv\u00e9nyeit\u0151l a Gangesz szent viz\u00e9ig a zar\u00e1ndokok \u00e9vezredek \u00f3ta teszik meg ezeket az utakat. \u00c9s nem puszt\u00e1n v\u00e1rosn\u00e9z\u00e9sr\u0151l van sz\u00f3 \u2013 valami sokkal m\u00e9lyebbet keresnek: \u00e1talakul\u00e1st, gy\u00f3gyul\u00e1st \u00e9s spiritu\u00e1lis \u00e9bred\u00e9st.<\/p>\n\n<p class=\"wp-block-paragraph\">\u00c9s mi a nagyszer\u0171 a zar\u00e1ndoklatokban? \u00c1tl\u00e9pik a vall\u00e1si hat\u00e1rokat. A kereszt\u00e9nyek Santiag\u00f3ba gyalogolnak, a hinduk a Gangeszben f\u00fcrdenek, a muszlimok k\u00f6rbej\u00e1rj\u00e1k a K\u00e1b\u00e1t, a buddhist\u00e1k pedig tibeti kolostorokba kapaszkodnak fel. K\u00fcl\u00f6nb\u00f6z\u0151 utak, ugyanaz a c\u00e9l \u2013 szent tereken \u00e1thaladva megmozd\u00edtani a lelket.<\/p>\n\n<p class=\"wp-block-paragraph\">\u0150r\u00fclten rohan\u00f3, k\u00e9perny\u0151kkel \u00e9s stresszel teli vil\u00e1gunkban a zar\u00e1ndoklatok lehet\u0151s\u00e9get adnak a lekapcsol\u00f3d\u00e1sra \u00e9s a m\u00e9lyebb \u00fajrakapcsol\u00f3d\u00e1sra. Ak\u00e1r fizikailag utazol \u0151si helyekre, ak\u00e1r otthonr\u00f3l teremtesz meg egy spiritu\u00e1lis utaz\u00e1st, ezek az \u00e9lm\u00e9nyek m\u00e9lyrehat\u00f3 v\u00e1ltoz\u00e1sokat ind\u00edthatnak el, amelyek j\u00f3val az utaz\u00e1s befejez\u00e9se ut\u00e1n is veled maradnak.<\/p>\n\n<h2 class=\"wp-block-heading\"><strong>A szent zar\u00e1ndoklatok \u0151si gy\u00f6kerei<\/strong><\/h2>\n\n<p class=\"wp-block-paragraph\">Az emberek, nos, ami\u00f3ta vil\u00e1g a vil\u00e1g, j\u00e1rnak zar\u00e1ndoklatokra. Maga a sz\u00f3 a latin \u201eperegrinus\u201d (v\u00e1ndor) sz\u00f3b\u00f3l sz\u00e1rmazik, ami t\u00f6k\u00e9letesen megragadja, hogyan l\u00e9pnek ki a zar\u00e1ndokok a megszokott \u00e9let\u00fckb\u0151l, hogy bel\u00e9pjenek egy olyan t\u00e9rbe, ahol val\u00f3di v\u00e1ltoz\u00e1s t\u00f6rt\u00e9nhet.<\/p>\n\n<p class=\"wp-block-paragraph\">A hindu hagyom\u00e1nyban a \u201et\u00edrtha-j\u00e1tra\u201d (utaz\u00e1s az \u00e1tkel\u0151helyekhez) \u00e9vezredek \u00f3ta \u00e9l\u0151 gyakorlat. A <a href=\"https:\/\/mypalmleaf.com\/navagraha-pilgrimage\/\" target=\"_blank\" rel=\"noreferrer noopener\">Navagraha zar\u00e1ndoklat<\/a> a kilenc bolyg\u00f3istennek szentelt templomokhoz t\u00f6k\u00e9letes p\u00e9lda erre. Ezeket a templomokat nem ak\u00e1rhov\u00e1 \u00e9p\u00edtett\u00e9k \u2013 olyan er\u0151helyeken \u00e1llnak, ahol a kozmikus energi\u00e1k \u00f6ssze\u00e9rnek, term\u00e9szetes kapukat nyitva az \u00e1talakul\u00e1shoz.<\/p>\n\n<p class=\"wp-block-paragraph\">Buddhizmus, iszl\u00e1m, kereszt\u00e9nys\u00e9g \u2013 mindegyiknek megvannak a maga szent utaz\u00e1sai. B\u00e1r a r\u00e9szletekben elt\u00e9rnek, a r\u00e9g\u00e9szet meger\u0151s\u00edti e gyakorlatok \u0151si volt\u00e1t: <a href=\"https:\/\/www.jstor.org\/stable\/10.1086\/660325\" target=\"_blank\" rel=\"noreferrer noopener\">a zar\u00e1ndokutak bizony\u00edt\u00e9kai eg\u00e9szen i. e. 3000-ig ny\u00falnak vissza<\/a>. Ez azt\u00e1n igaz\u00e1n ki\u00e1llta az id\u0151 pr\u00f3b\u00e1j\u00e1t!<\/p>\n\n<figure class=\"wp-block-image size-large\"><img decoding=\"async\" src=\"\/wp-content\/uploads\/2025\/04\/Pic-1.png\" alt=\"Pic 1\"\/><\/figure>\n\n<h2 class=\"wp-block-heading\"><strong>Mi\u00e9rt alak\u00edtanak \u00e1t minket a zar\u00e1ndoklatok?<\/strong><\/h2>\n\n<p class=\"wp-block-paragraph\">Mit\u0151l olyan er\u0151teljesek a zar\u00e1ndoklatok? A modern pszichol\u00f3gia leny\u0171g\u00f6z\u0151 magyar\u00e1zatokat k\u00edn\u00e1l. Amikor szent helyekre utazunk, bel\u00e9p\u00fcnk az \u00fagynevezett \u201elimin\u00e1lis \u00e1llapotba\u201d \u2013 egy olyan k\u00fcsz\u00f6b\u00e1llapotba, ahol a megszokott szab\u00e1lyok \u00e9s hat\u00e1rok felold\u00f3dnak, rendk\u00edv\u00fcl nyitott\u00e1 t\u00e9ve minket a v\u00e1ltoz\u00e1sra.<\/p>\n\n<p class=\"wp-block-paragraph\">\u00cdme, ami a zar\u00e1ndoklatokat olyan \u00e1talak\u00edt\u00f3 erej\u0171v\u00e9 teszi:<\/p>\n\n<h3 class=\"wp-block-heading\"><strong>A fizikai utaz\u00e1s ereje<\/strong><\/h3>\n\n<p class=\"wp-block-paragraph\">A testmozg\u00e1sban van valami, ami megv\u00e1ltoztatja az elm\u00e9t. Ak\u00e1r a malajziai Batu-barlangok 272 l\u00e9pcs\u0151fok\u00e1t m\u00e1szod meg, ak\u00e1r 800 kilom\u00e9tert gyalogolsz a Camin\u00f3n, a fizikai utaz\u00e1s k\u00fcl\u00f6nleges hat\u00e1ssal van az agyk\u00e9mi\u00e1dra.<\/p>\n\n<p class=\"wp-block-paragraph\">Ahogy az izmaid dolgoznak \u00e9s a l\u00e9gz\u00e9sed felgyorsul, az elm\u00e9d lecsendesedik. Ezt nevezik a pszichol\u00f3gusok \u201emegtestes\u00fclt megismer\u00e9snek\u201d (embodied cognition) \u2013 a tested hat az elm\u00e9dre. A karma meg\u00e9rt\u00e9se elm\u00e9ly\u00fcl, amikor sz\u00f3 szerint j\u00e1rod a spiritu\u00e1lis utadat, minden l\u00e9p\u00e9st fontos v\u00e1laszt\u00e1sk\u00e9nt meg\u00e9lve.<\/p>\n\n<h3 class=\"wp-block-heading\"><strong>Kiszakad\u00e1s a rutinb\u00f3l<\/strong><\/h3>\n\n<p class=\"wp-block-paragraph\">L\u00e1ssuk be \u2013 a mindennapi \u00e9let k\u00f6nnyen transzba ejthet minket. A zar\u00e1ndoklat kiz\u00f6kkent ebb\u0151l az\u00e1ltal, hogy teljesen megv\u00e1ltoztatja a k\u00f6rnyezet\u00fcnket \u00e9s a rutinunkat. Ez hozza l\u00e9tre az antropol\u00f3gusok \u00e1ltal \u201eszent diszkontinuit\u00e1snak\u201d nevezett \u00e1llapotot \u2013 egy kifejez\u00e9st arra a ment\u00e1lis \u00fajraindul\u00e1sra, ami akkor t\u00f6rt\u00e9nik, amikor kil\u00e9psz a megszokott \u00e9letedb\u0151l.<\/p>\n\n<p class=\"wp-block-paragraph\">E sz\u00fcnet alatt sokan tapasztalj\u00e1k, hogy a <a href=\"https:\/\/mypalmleaf.com\/\" target=\"_blank\" rel=\"noreferrer noopener\">p\u00e1lmalev\u00e9l-felolvas\u00e1sukb\u00f3l<\/a> sz\u00e1rmaz\u00f3 megl\u00e1t\u00e1sok hirtelen sokkal t\u00f6bb \u00e9rtelmet nyernek. Az \u00e9letc\u00e9loddal \u00e9s ir\u00e1nyoddal kapcsolatos k\u00e9rd\u00e9sek, amelyek \u00e1ltal\u00e1ban eltemet\u0151dnek a teend\u0151k list\u00e1ja al\u00e1, teret kapnak a felsz\u00ednre t\u00f6r\u00e9sre \u00e9s a megold\u00e1sra.<\/p>\n\n<h3 class=\"wp-block-heading\"><strong>A szent helyek energi\u00e1ja<\/strong><\/h3>\n\n<p class=\"wp-block-paragraph\">L\u00e9pt\u00e9l m\u00e1r be valaha egy helyre \u00fagy, hogy egyszer\u0171en \u00e9rezt\u00e9l valamit a leveg\u0151ben? Val\u00f3di folyamatok zajlanak azokon a szent helyeken, amelyeket \u00e9vsz\u00e1zadokon \u00e1t spiritu\u00e1lis keres\u0151k milli\u00f3i kerestek fel.<\/p>\n\n<p class=\"wp-block-paragraph\">Amikor <a href=\"https:\/\/mypalmleaf.com\/homa\/\" target=\"_blank\" rel=\"noreferrer noopener\">t\u0171zszertart\u00e1sokat<\/a> \u00e9s m\u00e1s <a href=\"https:\/\/mypalmleaf.com\/remedies\/\" target=\"_blank\" rel=\"noreferrer noopener\">orvosl\u00f3 ritu\u00e1l\u00e9kat<\/a> v\u00e9geznek ezeken a helysz\u00edneken, azok r\u00e1csatlakoznak erre a kollekt\u00edv energi\u00e1ra \u00e9s feler\u0151s\u00edtik azt, olyan er\u0151teljes gy\u00f3gyul\u00e1si \u00e9s \u00e1talakul\u00e1si lehet\u0151s\u00e9geket teremtve, amelyeket egyed\u00fcl nem tudn\u00e1nk el\u00e9rni.<\/p>\n\n<figure class=\"wp-block-image size-large\"><img decoding=\"async\" src=\"\/wp-content\/uploads\/2025\/04\/Pic-2-1.jpg\" alt=\"Pic 2\"\/><\/figure>\n\n<h2 class=\"wp-block-heading\"><strong>Mit\u0151l lesz egy hely szent?<\/strong><\/h2>\n\n<p class=\"wp-block-paragraph\">Ami a spiritu\u00e1lis er\u0151t illeti, nem minden hely egyforma. A hagyom\u00e1nyok szerint a szent helyek \u00e1ltal\u00e1ban a k\u00f6vetkez\u0151 tulajdons\u00e1gokkal b\u00edrnak:<\/p>\n\n<h3 class=\"wp-block-heading\"><strong>Energetikai keresztez\u0151d\u00e9sek<\/strong><\/h3>\n\n<p class=\"wp-block-paragraph\">Sok zar\u00e1ndokhely ott tal\u00e1lhat\u00f3, ahol a F\u00f6ld term\u00e9szetes energiavonalai keresztezik egym\u00e1st. A k\u00fcl\u00f6nb\u00f6z\u0151 hagyom\u00e1nyokban ley-vonalaknak, s\u00e1rk\u00e1nyvonalaknak vagy dalvonalaknak nevezett energiautak olyan k\u00fcl\u00f6nleges pontokat hoznak l\u00e9tre, ahol a vil\u00e1gok k\u00f6z\u00f6tti hat\u00e1rvonal v\u00e9konyabbnak t\u0171nik.<\/p>\n\n<p class=\"wp-block-paragraph\">A d\u00e9l-indiai <a href=\"https:\/\/mypalmleaf.com\/navagraha-pilgrimage\/\">Navagraha zar\u00e1ndoklat<\/a> templomai t\u00f6k\u00e9letes p\u00e9ld\u00e1k erre. Az \u0151si templom\u00e9p\u00edt\u00e9szek gondosan \u00fagy helyezt\u00e9k el \u0151ket, hogy hasznos\u00edts\u00e1k azokat a specifikus bolyg\u00f3energi\u00e1kat, amelyek az asztrol\u00f3gia szerint befoly\u00e1solj\u00e1k az emberi sorsot. Mindegyik templom \u00fagy m\u0171k\u00f6dik, mint egy hangvilla egy adott bolyg\u00f3rezg\u00e9s sz\u00e1m\u00e1ra.<\/p>\n\n<h3 class=\"wp-block-heading\"><strong>Spiritu\u00e1lis energiak\u00f6zpontok<\/strong><\/h3>\n\n<p class=\"wp-block-paragraph\">Egyes helyek a spiritu\u00e1lis \u00e9bred\u00e9s energetikai lenyomat\u00e1t hordozz\u00e1k. Bodh-Gaja, ahol Buddha megvil\u00e1gosodott. Az Olajf\u00e1k hegye, ahol J\u00e9zus im\u00e1dkozott. H\u00edra barlangja, ahol Mohamed megkapta a Kor\u00e1n els\u0151 kinyilatkoztat\u00e1sait.<\/p>\n\n<p class=\"wp-block-paragraph\">Ezek a helyek nemcsak t\u00f6rt\u00e9nelmi, hanem energetikai szempontb\u00f3l is jelent\u0151sek. Egy mester fel\u00e9bredt tudatoss\u00e1ga olyan lenyomatot hagy maga ut\u00e1n, amely \u00e9vezredekkel k\u00e9s\u0151bb is el\u00e9rhet\u0151 marad az \u0151szinte keres\u0151k sz\u00e1m\u00e1ra.<\/p>\n\n<h3 class=\"wp-block-heading\"><strong>A term\u00e9szet ereje<\/strong><\/h3>\n\n<p class=\"wp-block-paragraph\">Hegyek, foly\u00f3k, barlangok \u2013 ezek a term\u00e9szeti k\u00e9pz\u0151dm\u00e9nyek valami \u0151si dolgot sz\u00f3l\u00edtanak meg benn\u00fcnk. Nem v\u00e9letlen, hogy az emberis\u00e9g legszentebb helyei gyakran dr\u00e1mai t\u00e1jakon tal\u00e1lhat\u00f3k. A modern tudom\u00e1ny meger\u0151s\u00edti, hogy ezek a term\u00e9szeti k\u00e9pz\u0151dm\u00e9nyek egyedi elektrom\u00e1gneses mez\u0151ket \u00e9s l\u00e9gk\u00f6ri viszonyokat hoznak l\u00e9tre, amelyek t\u00e9nylegesen hat\u00e1ssal vannak az agyi aktivit\u00e1sunkra \u00e9s a tudatoss\u00e1gunkra.<\/p>\n\n<figure class=\"wp-block-image size-large\"><img decoding=\"async\" src=\"\/wp-content\/uploads\/2025\/04\/Pic-3.png\" alt=\"Pic 3\"\/><\/figure>\n\n<h2 class=\"wp-block-heading\"><strong>Virtu\u00e1lis zar\u00e1ndoklatok: Szent utaz\u00e1s a modern id\u0151kben<\/strong><\/h2>\n\n<p class=\"wp-block-paragraph\">Nem tudsz rep\u00fcl\u0151re sz\u00e1llni Tibetbe vagy Indi\u00e1ba? Semmi gond! A virtu\u00e1lis zar\u00e1ndoklatok olyan er\u0151teljes alternat\u00edv\u00e1kk\u00e9nt jelentek meg, amelyek \u0151szinte sz\u00e1nd\u00e9kkal v\u00e9gezve \u00e9rdemi \u00e1talakul\u00e1st ind\u00edthatnak el.<\/p>\n\n<p class=\"wp-block-paragraph\">\u00cdme n\u00e9h\u00e1ny m\u00f3dja a virtu\u00e1lis zar\u00e1ndoklatnak:<\/p>\n\n<h3 class=\"wp-block-heading\"><strong>Vezetett vide\u00f3s utaz\u00e1sok<\/strong><\/h3>\n\n<p class=\"wp-block-paragraph\">A szent helyekr\u0151l k\u00e9sz\u00fclt, medit\u00e1ci\u00f3val p\u00e1ros\u00edtott mag\u00e1val ragad\u00f3 vide\u00f3s \u00e9lm\u00e9nyek er\u0151teljes tudat\u00e1llapot-v\u00e1ltoz\u00e1sokat id\u00e9zhetnek el\u0151. Sok hagyom\u00e1ny k\u00edn\u00e1l ma m\u00e1r olyan virtu\u00e1lis zar\u00e1ndoklati \u00e9lm\u00e9nyeket, amelyek tartalmazz\u00e1k az e helyeken hagyom\u00e1nyosan v\u00e9gzett autentikus im\u00e1kat \u00e9s gyakorlatokat.<\/p>\n\n<h3 class=\"wp-block-heading\"><strong>Hangzar\u00e1ndoklatok<\/strong><\/h3>\n\n<p class=\"wp-block-paragraph\">A szent helyekr\u0151l sz\u00e1rmaz\u00f3 hangfelv\u00e9telek k\u00e9pesek k\u00f6zvet\u00edteni e helyek egyedi rezg\u00e9seit. <a href=\"https:\/\/mypalmleaf.com\/remedies\/\" target=\"_blank\" rel=\"noreferrer noopener\">Yantr\u00e1kkal, mantr\u00e1kkal \u00e9s tantr\u00e1kkal<\/a> kombin\u00e1lva ezek a hangok olyan t\u00f6bbdimenzi\u00f3s \u00e9lm\u00e9nyeket hoznak l\u00e9tre, amelyek t\u00fall\u00e9pnek a fizikai korl\u00e1tokon.<\/p>\n\n<h3 class=\"wp-block-heading\"><strong>Otthoni ritu\u00e1lis zar\u00e1ndoklatok<\/strong><\/h3>\n\n<p class=\"wp-block-paragraph\">Hozz l\u00e9tre szent teret az otthonodban olt\u00e1r\u00e9p\u00edt\u00e9ssel \u00e9s olyan gyakorlatokkal, amelyeket a t\u00e1voli zar\u00e1ndokhelyekkel szinkronban v\u00e9gzel. Ezek a gyakorlatok k\u00fcl\u00f6n\u00f6sen j\u00f3l m\u0171k\u00f6dnek, ha az asztrol\u00f3giai konzult\u00e1ci\u00f3k sor\u00e1n felt\u00e1rt asztrol\u00f3giai egy\u00fctt\u00e1ll\u00e1sokhoz igaz\u00edtod \u0151ket.<\/p>\n\n<figure class=\"wp-block-image size-large\"><img decoding=\"async\" src=\"\/wp-content\/uploads\/2025\/04\/Pic-4.png\" alt=\"Pic 4\"\/><\/figure>\n\n<h2 class=\"wp-block-heading\"><strong>Hozd ki a legt\u00f6bbet a zar\u00e1ndoklatodb\u00f3l<\/strong><\/h2>\n\n<p class=\"wp-block-paragraph\">Ak\u00e1r fizikai, ak\u00e1r virtu\u00e1lis utaz\u00e1st tervezel, a felk\u00e9sz\u00fcl\u00e9s mindent megv\u00e1ltoztat:<\/p>\n\n<h3 class=\"wp-block-heading\"><strong>Tiszt\u00e1zd a sz\u00e1nd\u00e9kodat<\/strong><\/h3>\n\n<p class=\"wp-block-paragraph\">Miel\u0151tt elinduln\u00e1l, hat\u00e1rozd meg, mit keresel. Gy\u00f3gyul\u00e1st? Tiszt\u00e1nl\u00e1t\u00e1st? Kapcsol\u00f3d\u00e1st? <a href=\"https:\/\/mypalmleaf.com\/prices\/\" target=\"_blank\" rel=\"noreferrer noopener\">Egy p\u00e1lmalev\u00e9l-felolvas\u00e1s lefoglal\u00e1sa<\/a> el\u0151zetesen szem\u00e9lyre szabott \u00fatmutat\u00e1st adhat arr\u00f3l, hogy ebben az id\u0151szakban milyen spiritu\u00e1lis munka v\u00e1lna legink\u00e1bb a lelked jav\u00e1ra.<\/p>\n\n<h3 class=\"wp-block-heading\"><strong>K\u00e9sz\u00edtsd fel az energi\u00e1dat<\/strong><\/h3>\n\n<p class=\"wp-block-paragraph\">Sz\u00e1mos hagyom\u00e1ny tiszt\u00edt\u00f3 gyakorlatokat javasol a zar\u00e1ndoklat el\u0151tt. A b\u00f6jt, a speci\u00e1lis \u00e9trend, a medit\u00e1ci\u00f3 \u00e9s az <a href=\"https:\/\/mypalmleaf.com\/remedies\/\" target=\"_blank\" rel=\"noreferrer noopener\">orvosl\u00f3 ritu\u00e1l\u00e9k<\/a> felk\u00e9sz\u00edtik az energiarendszeredet arra, hogy befogadja az utaz\u00e1s \u00e1talak\u00edt\u00f3 hat\u00e1sait.<\/p>\n\n<h3 class=\"wp-block-heading\"><strong>V\u00e9gezz el\u0151zetes kutat\u00e1st<\/strong><\/h3>\n\n<p class=\"wp-block-paragraph\">Az \u00fati c\u00e9lod spiritu\u00e1lis jelent\u0151s\u00e9g\u00e9nek meg\u00e9rt\u00e9se elm\u00e9ly\u00edti az \u00e9lm\u00e9nyt. Tanulm\u00e1nyozd a zar\u00e1ndokhelyhez kapcsol\u00f3d\u00f3 t\u00f6rt\u00e9nelmet \u00e9s t\u00f6rt\u00e9neteket, k\u00fcl\u00f6n\u00f6sen azt, hogyan kapcsol\u00f3dnak a szem\u00e9lyes spiritu\u00e1lis utadhoz \u00e9s karmikus mint\u00e1idhoz.<\/p>\n\n<h2 class=\"wp-block-heading\"><strong>A zar\u00e1ndoklat hazahozatala<\/strong><\/h2>\n\n<p class=\"wp-block-paragraph\">A zar\u00e1ndoklat igazi pr\u00f3b\u00e1ja nem az, ami az utaz\u00e1s sor\u00e1n t\u00f6rt\u00e9nik \u2013 hanem az, ami ut\u00e1na k\u00f6vetkezik. \u00cdgy \u00e9p\u00edtheted be az \u00e9lm\u00e9nyeidet:<\/p>\n\n<h3 class=\"wp-block-heading\"><strong>Lass\u00edtsd le a visszat\u00e9r\u00e9st<\/strong><\/h3>\n\n<p class=\"wp-block-paragraph\">Ne siess vissza a megszokott \u00e9letbe. Hagyj magadnak egy \u00e1tmeneti id\u0151szakot a reflexi\u00f3ra, a napl\u00f3\u00edr\u00e1sra \u00e9s az \u00e9lm\u00e9nyeid feldolgoz\u00e1s\u00e1ra.<\/p>\n\n<h3 class=\"wp-block-heading\"><strong>Oszd meg az utaz\u00e1sodat<\/strong><\/h3>\n\n<p class=\"wp-block-paragraph\">Besz\u00e9lj az \u00e9lm\u00e9nyeidr\u0151l t\u00e1mogat\u00f3 bar\u00e1tokkal vagy a spiritu\u00e1lis k\u00f6z\u00f6ss\u00e9geddel. A megl\u00e1t\u00e1said szavakba \u00f6nt\u00e9se seg\u00edt megszil\u00e1rd\u00edtani azokat a tudatodban.<\/p>\n\n<h3 class=\"wp-block-heading\"><strong>Tartsd fenn a kapcsolatot<\/strong><\/h3>\n\n<p class=\"wp-block-paragraph\">Alak\u00edts ki olyan napi gyakorlatokat, amelyek fenntartj\u00e1k a kapcsolatodat a zar\u00e1ndoklat energi\u00e1j\u00e1val. Ez mag\u00e1ban foglalhatja az utaz\u00e1sod sor\u00e1n tanult mantr\u00e1kat vagy gyakorlatokat, vagy a <a href=\"https:\/\/mypalmleaf.com\/remedies\/\" target=\"_blank\" rel=\"noreferrer noopener\">p\u00e1lmalev\u00e9l-felolvas\u00e1sodban<\/a> javasolt <a href=\"https:\/\/mypalmleaf.com\/\" target=\"_blank\" rel=\"noreferrer noopener\">orvosl\u00f3 gyakorlatok<\/a>.<\/p>\n\n<figure class=\"wp-block-image size-large\"><img decoding=\"async\" src=\"\/wp-content\/uploads\/2025\/04\/Pic-5-1-scaled-1.jpg\" alt=\"Pic 5\"\/><\/figure>\n\n<h2 class=\"wp-block-heading\"><strong>K\u00e9szen \u00e1llsz az \u00e1talakul\u00e1sra?<\/strong><\/h2>\n\n<p class=\"wp-block-paragraph\">A zar\u00e1ndoklat igazi ereje nem puszt\u00e1n mag\u00e1ban az utaz\u00e1sban rejlik, hanem az \u00e1ltala elind\u00edtott \u00e1talakul\u00e1sban. Ak\u00e1r fizikailag utazol \u0151si er\u0151helyekre, ak\u00e1r otthonr\u00f3l teremtesz m\u00e9ly spiritu\u00e1lis utaz\u00e1sokat, a legfontosabb az \u0151szinte sz\u00e1nd\u00e9kod a fejl\u0151d\u00e9sre.<\/p>\n\n<p class=\"wp-block-paragraph\">Szem\u00e9lyes \u00e1talakul\u00e1si utadat er\u0151teljesen t\u00e1mogathatja a <a href=\"https:\/\/mypalmleaf.com\/\" target=\"_blank\" rel=\"noreferrer noopener\">p\u00e1lmalev\u00e9l-felolvas\u00e1sokban<\/a> rejl\u0151 \u0151si b\u00f6lcsess\u00e9g. Ezek a szent sz\u00f6vegek, amelyeket megvil\u00e1gosodott b\u00f6lcsek \u00edrtak \u00e9vezredekkel ezel\u0151tt, r\u00e9szletes inform\u00e1ci\u00f3kat tartalmaznak a lelked c\u00e9lj\u00e1r\u00f3l.<\/p>\n\n<p class=\"wp-block-paragraph\">A <a href=\"https:\/\/mypalmleaf.com\/navagraha-pujas\/\" target=\"_blank\" rel=\"noreferrer noopener\">szent utaz\u00e1sok \u00e9s spiritu\u00e1lis zar\u00e1ndoklatok<\/a>, amelyeket a Mypalmleaf k\u00edn\u00e1l, \u00fagy lettek kialak\u00edtva, hogy igazodjanak a konkr\u00e9t karmikus mint\u00e1idhoz \u00e9s spiritu\u00e1lis sz\u00fcks\u00e9gleteidhez, szem\u00e9lyre szabott utat teremtve az \u00e1talakul\u00e1shoz.<\/p>\n\n<p class=\"wp-block-paragraph\">K\u00e9szen \u00e1llsz a k\u00f6vetkez\u0151 l\u00e9p\u00e9sre? <a href=\"https:\/\/mypalmleaf.com\" target=\"_blank\" rel=\"noreferrer noopener\">Foglalj le egy p\u00e1lmalev\u00e9l-felolvas\u00e1st<\/a> m\u00e9g ma, hogy megtudd, mely szent utaz\u00e1sok kataliz\u00e1lj\u00e1k legink\u00e1bb a fejl\u0151d\u00e9sedet \u00e9s gy\u00f3gyul\u00e1sodat.<\/p>\n\n<h2 class=\"wp-block-heading\"><strong>Gyakran Ism\u00e9telt K\u00e9rd\u00e9sek a szent zar\u00e1ndoklatokr\u00f3l<\/strong><\/h2>\n\n<h3 class=\"wp-block-heading\"><strong>Honnan tudhatom, melyik zar\u00e1ndokhely a megfelel\u0151 sz\u00e1momra?<\/strong><\/h3>\n\n<p class=\"wp-block-paragraph\">A legjobb \u00fati c\u00e9l az, amely rezon\u00e1l a spiritu\u00e1lis hagyom\u00e1nyoddal \u00e9s azzal az \u00e1talakul\u00e1ssal, amit keresel. Egy <a href=\"https:\/\/mypalmleaf.com\/\" target=\"_blank\" rel=\"noreferrer noopener\">p\u00e1lmalev\u00e9l-felolvas\u00e1s<\/a> \u00fatmutat\u00e1st ny\u00fajthat arr\u00f3l, hogy az egyedi karm\u00e1d alapj\u00e1n mely helysz\u00ednek t\u00e1mogatj\u00e1k a spiritu\u00e1lis fejl\u0151d\u00e9sedet.<\/p>\n\n<h3 class=\"wp-block-heading\"><strong>Lehetnek a virtu\u00e1lis zar\u00e1ndoklatok olyan hat\u00e9konyak, mint a fizikaiak?<\/strong><\/h3>\n\n<p class=\"wp-block-paragraph\">Mindenk\u00e9ppen! B\u00e1r k\u00fcl\u00f6nb\u00f6znek a fizikai utaz\u00e1st\u00f3l, a <a href=\"https:\/\/mypalmleaf.com\/navagraha-pujas\/\" target=\"_blank\" rel=\"noreferrer noopener\">virtu\u00e1lis zar\u00e1ndoklatok<\/a> m\u00e9lyrehat\u00f3 \u00e1talakul\u00e1st hozhatnak l\u00e9tre. A kulcs a sz\u00e1nd\u00e9kodban \u00e9s az elv\u00e9gzett gyakorlatokban rejlik. Egyesek sz\u00e1m\u00e1ra a virtu\u00e1lis zar\u00e1ndoklatok m\u00e9lyebb elm\u00e9ly\u00fcl\u00e9st tesznek lehet\u0151v\u00e9 az utaz\u00e1si stressz kik\u00fcsz\u00f6b\u00f6l\u00e9s\u00e9vel.<\/p>\n\n<h3 class=\"wp-block-heading\"><strong>Milyen hossz\u00fa legyen egy zar\u00e1ndoklat?<\/strong><\/h3>\n\n<p class=\"wp-block-paragraph\">Ez sokkal ink\u00e1bb az intenzit\u00e1sr\u00f3l sz\u00f3l, mint az id\u0151tartamr\u00f3l. Egyetlen napos, teljes jelenl\u00e9ttel v\u00e9gzett utaz\u00e1s er\u0151teljesebb lehet, mint egy h\u00f3napnyi felsz\u00ednes utazgat\u00e1s. Ugyanakkor a hosszabb zar\u00e1ndoklatok t\u00f6bb id\u0151t biztos\u00edtanak a megl\u00e1t\u00e1sok integr\u00e1l\u00e1s\u00e1ra.<\/p>\n\n<h3 class=\"wp-block-heading\"><strong>Mi t\u00f6rt\u00e9nik, ha kih\u00edv\u00e1sokkal szembes\u00fcl\u00f6k a zar\u00e1ndoklatom sor\u00e1n?<\/strong><\/h3>\n\n<p class=\"wp-block-paragraph\">A kih\u00edv\u00e1sok val\u00f3j\u00e1ban a folyamat r\u00e9szei \u2013 gyakran ezek kataliz\u00e1lj\u00e1k a legm\u00e9lyebb \u00e1talakul\u00e1st. Tekints a neh\u00e9zs\u00e9gekre a fejl\u0151d\u00e9s lehet\u0151s\u00e9gek\u00e9nt, ne pedig akad\u00e1lyk\u00e9nt.<\/p>\n\n<h3 class=\"wp-block-heading\"><strong>Hogyan tarthatom fenn a hat\u00e1sokat a hazat\u00e9r\u00e9s ut\u00e1n?<\/strong><\/h3>\n\n<p class=\"wp-block-paragraph\">Alak\u00edts ki egy napi spiritu\u00e1lis rutint, amely tartalmaz elemeket a zar\u00e1ndoklatodb\u00f3l. Tarts fizikai eml\u00e9keztet\u0151ket az otthonodban, kapcsol\u00f3dj spiritu\u00e1lis k\u00f6z\u00f6ss\u00e9ghez, \u00e9s fontold meg az ut\u00f3lagos asztrol\u00f3giai konzult\u00e1ci\u00f3kat a folyamatos spiritu\u00e1lis fejl\u0151d\u00e9sed t\u00e1mogat\u00e1s\u00e1ra.<\/p>\n\n<p class=\"wp-block-paragraph\">Tov\u00e1bbi v\u00e1laszokat tal\u00e1lsz a <a href=\"https:\/\/mypalmleaf.com\/faqs\/\" target=\"_blank\" rel=\"noreferrer noopener\">GYIK oldalunkon<\/a>.<\/p>\n","protected":false},"excerpt":{"rendered":"<p>Mi\u00e9rt kellene mindenkinek legal\u00e1bb egyszer \u00e9let\u00e9ben \u00e1t\u00e9lnie egy zar\u00e1ndoklatot: A szent utaz\u00e1sok \u00e1tform\u00e1l\u00f3 ereje Gondolkodt\u00e1l m\u00e1r azon, mi\u00e9rt utaznak az emberek t\u00f6bb ezer kilom\u00e9tert csak az\u00e9rt, hogy megl\u00e1togassanak egy szent helyet? Az El Camino kanyarg\u00f3s \u00f6sv\u00e9nyeit\u0151l a Gangesz szent viz\u00e9ig a zar\u00e1ndokok \u00e9vezredek \u00f3ta teszik meg ezeket az utakat. \u00c9s nem puszt\u00e1n v\u00e1rosn\u00e9z\u00e9sr\u0151l van sz\u00f3 [&hellip;]<\/p>\n","protected":false},"author":1,"featured_media":99364,"comment_status":"open","ping_status":"open","sticky":false,"template":"","format":"standard","meta":{"footnotes":""},"categories":[861],"tags":[],"class_list":["post-161421","post","type-post","status-publish","format-standard","has-post-thumbnail","hentry","category-zarandoklatok-es-szent-helyek"],"yoast_head":"<!-- This site is optimized with the Yoast SEO plugin v28.3 - https:\/\/yoast.com\/product\/yoast-seo-wordpress\/ -->\n<title>Mi\u00e9rt kellene mindenkinek legal\u00e1bb egyszer zar\u00e1ndoklatot tennie az \u00e9letben: a szent utaz\u00e1sok \u00e1talak\u00edt\u00f3 ereje - Mypalmleaf<\/title>\n<meta name=\"robots\" content=\"index, follow, max-snippet:-1, max-image-preview:large, max-video-preview:-1\" \/>\n<meta property=\"og:locale\" content=\"hu_HU\" \/>\n<meta property=\"og:type\" content=\"article\" \/>\n<meta property=\"og:title\" content=\"Mi\u00e9rt kellene mindenkinek legal\u00e1bb egyszer zar\u00e1ndoklatot tennie az \u00e9letben: a szent utaz\u00e1sok \u00e1talak\u00edt\u00f3 ereje - Mypalmleaf\" \/>\n<meta property=\"og:description\" content=\"Mi\u00e9rt kellene mindenkinek legal\u00e1bb egyszer \u00e9let\u00e9ben \u00e1t\u00e9lnie egy zar\u00e1ndoklatot: A szent utaz\u00e1sok \u00e1tform\u00e1l\u00f3 ereje Gondolkodt\u00e1l m\u00e1r azon, mi\u00e9rt utaznak az emberek t\u00f6bb ezer kilom\u00e9tert csak az\u00e9rt, hogy megl\u00e1togassanak egy szent helyet? Az El Camino kanyarg\u00f3s \u00f6sv\u00e9nyeit\u0151l a Gangesz szent viz\u00e9ig a zar\u00e1ndokok \u00e9vezredek \u00f3ta teszik meg ezeket az utakat. \u00c9s nem puszt\u00e1n v\u00e1rosn\u00e9z\u00e9sr\u0151l van sz\u00f3 [&hellip;]\" \/>\n<meta property=\"og:url\" content=\"https:\/\/mypalmleaf.com\/hu\/hu-why-everyone-should-experience-a-pilgrimage-at-least-once-in-their-life-the-transformative-power-of-sacred-travels\/\" \/>\n<meta property=\"og:site_name\" content=\"Mypalmleaf\" \/>\n<meta property=\"article:publisher\" content=\"https:\/\/www.facebook.com\/Mypalmleaf\" \/>\n<meta property=\"article:published_time\" content=\"2025-07-11T05:30:00+00:00\" \/>\n<meta property=\"article:modified_time\" content=\"2026-06-09T17:56:10+00:00\" \/>\n<meta property=\"og:image\" content=\"https:\/\/mypalmleaf.com\/wp-content\/uploads\/2025\/04\/fi51-1.jpg\" \/>\n\t<meta property=\"og:image:width\" content=\"624\" \/>\n\t<meta property=\"og:image:height\" content=\"346\" \/>\n\t<meta property=\"og:image:type\" content=\"image\/jpeg\" \/>\n<meta name=\"author\" content=\"Mypalmleaf\" \/>\n<meta name=\"twitter:card\" content=\"summary_large_image\" \/>\n<meta name=\"twitter:label1\" content=\"Szerz\u0151:\" \/>\n\t<meta name=\"twitter:data1\" content=\"Mypalmleaf\" \/>\n\t<meta name=\"twitter:label2\" content=\"Becs\u00fclt olvas\u00e1si id\u0151\" \/>\n\t<meta name=\"twitter:data2\" content=\"11 perc\" \/>\n<script type=\"application\/ld+json\" class=\"yoast-schema-graph\">{\"@context\":\"https:\\\/\\\/schema.org\",\"@graph\":[{\"@type\":\"Article\",\"@id\":\"https:\\\/\\\/mypalmleaf.com\\\/hu\\\/hu-why-everyone-should-experience-a-pilgrimage-at-least-once-in-their-life-the-transformative-power-of-sacred-travels\\\/#article\",\"isPartOf\":{\"@id\":\"https:\\\/\\\/mypalmleaf.com\\\/hu\\\/hu-why-everyone-should-experience-a-pilgrimage-at-least-once-in-their-life-the-transformative-power-of-sacred-travels\\\/\"},\"author\":{\"name\":\"Mypalmleaf\",\"@id\":\"https:\\\/\\\/mypalmleaf.com\\\/hu\\\/#\\\/schema\\\/person\\\/865c3c7f353c784015133ed78c84e890\"},\"headline\":\"Mi\u00e9rt kellene mindenkinek legal\u00e1bb egyszer zar\u00e1ndoklatot tennie az \u00e9letben: a szent utaz\u00e1sok \u00e1talak\u00edt\u00f3 ereje\",\"datePublished\":\"2025-07-11T05:30:00+00:00\",\"dateModified\":\"2026-06-09T17:56:10+00:00\",\"mainEntityOfPage\":{\"@id\":\"https:\\\/\\\/mypalmleaf.com\\\/hu\\\/hu-why-everyone-should-experience-a-pilgrimage-at-least-once-in-their-life-the-transformative-power-of-sacred-travels\\\/\"},\"wordCount\":2262,\"commentCount\":0,\"publisher\":{\"@id\":\"https:\\\/\\\/mypalmleaf.com\\\/hu\\\/#organization\"},\"image\":{\"@id\":\"https:\\\/\\\/mypalmleaf.com\\\/hu\\\/hu-why-everyone-should-experience-a-pilgrimage-at-least-once-in-their-life-the-transformative-power-of-sacred-travels\\\/#primaryimage\"},\"thumbnailUrl\":\"https:\\\/\\\/mypalmleaf.com\\\/wp-content\\\/uploads\\\/2025\\\/04\\\/fi51-1.jpg\",\"articleSection\":[\"Zar\u00e1ndoklatok \u00e9s Szent Helyek\"],\"inLanguage\":\"hu\",\"potentialAction\":[{\"@type\":\"CommentAction\",\"name\":\"Comment\",\"target\":[\"https:\\\/\\\/mypalmleaf.com\\\/hu\\\/hu-why-everyone-should-experience-a-pilgrimage-at-least-once-in-their-life-the-transformative-power-of-sacred-travels\\\/#respond\"]}]},{\"@type\":\"WebPage\",\"@id\":\"https:\\\/\\\/mypalmleaf.com\\\/hu\\\/hu-why-everyone-should-experience-a-pilgrimage-at-least-once-in-their-life-the-transformative-power-of-sacred-travels\\\/\",\"url\":\"https:\\\/\\\/mypalmleaf.com\\\/hu\\\/hu-why-everyone-should-experience-a-pilgrimage-at-least-once-in-their-life-the-transformative-power-of-sacred-travels\\\/\",\"name\":\"Mi\u00e9rt kellene mindenkinek legal\u00e1bb egyszer zar\u00e1ndoklatot tennie az \u00e9letben: a szent utaz\u00e1sok \u00e1talak\u00edt\u00f3 ereje - Mypalmleaf\",\"isPartOf\":{\"@id\":\"https:\\\/\\\/mypalmleaf.com\\\/hu\\\/#website\"},\"primaryImageOfPage\":{\"@id\":\"https:\\\/\\\/mypalmleaf.com\\\/hu\\\/hu-why-everyone-should-experience-a-pilgrimage-at-least-once-in-their-life-the-transformative-power-of-sacred-travels\\\/#primaryimage\"},\"image\":{\"@id\":\"https:\\\/\\\/mypalmleaf.com\\\/hu\\\/hu-why-everyone-should-experience-a-pilgrimage-at-least-once-in-their-life-the-transformative-power-of-sacred-travels\\\/#primaryimage\"},\"thumbnailUrl\":\"https:\\\/\\\/mypalmleaf.com\\\/wp-content\\\/uploads\\\/2025\\\/04\\\/fi51-1.jpg\",\"datePublished\":\"2025-07-11T05:30:00+00:00\",\"dateModified\":\"2026-06-09T17:56:10+00:00\",\"breadcrumb\":{\"@id\":\"https:\\\/\\\/mypalmleaf.com\\\/hu\\\/hu-why-everyone-should-experience-a-pilgrimage-at-least-once-in-their-life-the-transformative-power-of-sacred-travels\\\/#breadcrumb\"},\"inLanguage\":\"hu\",\"potentialAction\":[{\"@type\":\"ReadAction\",\"target\":[\"https:\\\/\\\/mypalmleaf.com\\\/hu\\\/hu-why-everyone-should-experience-a-pilgrimage-at-least-once-in-their-life-the-transformative-power-of-sacred-travels\\\/\"]}]},{\"@type\":\"ImageObject\",\"inLanguage\":\"hu\",\"@id\":\"https:\\\/\\\/mypalmleaf.com\\\/hu\\\/hu-why-everyone-should-experience-a-pilgrimage-at-least-once-in-their-life-the-transformative-power-of-sacred-travels\\\/#primaryimage\",\"url\":\"https:\\\/\\\/mypalmleaf.com\\\/wp-content\\\/uploads\\\/2025\\\/04\\\/fi51-1.jpg\",\"contentUrl\":\"https:\\\/\\\/mypalmleaf.com\\\/wp-content\\\/uploads\\\/2025\\\/04\\\/fi51-1.jpg\",\"width\":624,\"height\":346,\"caption\":\"fi51\"},{\"@type\":\"BreadcrumbList\",\"@id\":\"https:\\\/\\\/mypalmleaf.com\\\/hu\\\/hu-why-everyone-should-experience-a-pilgrimage-at-least-once-in-their-life-the-transformative-power-of-sacred-travels\\\/#breadcrumb\",\"itemListElement\":[{\"@type\":\"ListItem\",\"position\":1,\"name\":\"Home\",\"item\":\"https:\\\/\\\/mypalmleaf.com\\\/hu\\\/\"},{\"@type\":\"ListItem\",\"position\":2,\"name\":\"Mi\u00e9rt kellene mindenkinek legal\u00e1bb egyszer zar\u00e1ndoklatot tennie az \u00e9letben: a szent utaz\u00e1sok \u00e1talak\u00edt\u00f3 ereje\"}]},{\"@type\":\"WebSite\",\"@id\":\"https:\\\/\\\/mypalmleaf.com\\\/hu\\\/#website\",\"url\":\"https:\\\/\\\/mypalmleaf.com\\\/hu\\\/\",\"name\":\"Mypalmleaf\",\"description\":\"\",\"publisher\":{\"@id\":\"https:\\\/\\\/mypalmleaf.com\\\/hu\\\/#organization\"},\"potentialAction\":[{\"@type\":\"SearchAction\",\"target\":{\"@type\":\"EntryPoint\",\"urlTemplate\":\"https:\\\/\\\/mypalmleaf.com\\\/hu\\\/?s={search_term_string}\"},\"query-input\":{\"@type\":\"PropertyValueSpecification\",\"valueRequired\":true,\"valueName\":\"search_term_string\"}}],\"inLanguage\":\"hu\"},{\"@type\":\"Organization\",\"@id\":\"https:\\\/\\\/mypalmleaf.com\\\/hu\\\/#organization\",\"name\":\"Mypalmleaf\",\"url\":\"https:\\\/\\\/mypalmleaf.com\\\/hu\\\/\",\"logo\":{\"@type\":\"ImageObject\",\"inLanguage\":\"hu\",\"@id\":\"https:\\\/\\\/mypalmleaf.com\\\/hu\\\/#\\\/schema\\\/logo\\\/image\\\/\",\"url\":\"https:\\\/\\\/mypalmleaf.com\\\/wp-content\\\/uploads\\\/2026\\\/04\\\/logo-2-2.webp\",\"contentUrl\":\"https:\\\/\\\/mypalmleaf.com\\\/wp-content\\\/uploads\\\/2026\\\/04\\\/logo-2-2.webp\",\"width\":800,\"height\":149,\"caption\":\"Mypalmleaf\"},\"image\":{\"@id\":\"https:\\\/\\\/mypalmleaf.com\\\/hu\\\/#\\\/schema\\\/logo\\\/image\\\/\"},\"sameAs\":[\"https:\\\/\\\/www.youtube.com\\\/@mypalmleaf2856\",\"https:\\\/\\\/www.instagram.com\\\/mypalmleaf\\\/\",\"https:\\\/\\\/www.facebook.com\\\/mypalmleaf\\\/\"],\"founder\":{\"@id\":\"https:\\\/\\\/mypalmleaf.com\\\/#founder\"},\"legalName\":\"Conscious Innovation Lab O\u00dc\",\"foundingDate\":\"2020\",\"vatID\":\"EE102459135\",\"taxID\":\"14825448\",\"address\":{\"@type\":\"PostalAddress\",\"streetAddress\":\"T\u00f6\u00f6stuse tn 48\",\"postalCode\":\"10416\",\"addressLocality\":\"Tallinn\",\"addressCountry\":\"EE\"},\"contactPoint\":{\"@type\":\"ContactPoint\",\"contactType\":\"customer support\",\"email\":\"info@mypalmleaf.com\",\"availableLanguage\":\"en\"}},{\"@type\":\"Person\",\"@id\":\"https:\\\/\\\/mypalmleaf.com\\\/hu\\\/#\\\/schema\\\/person\\\/865c3c7f353c784015133ed78c84e890\",\"name\":\"Mypalmleaf\",\"image\":{\"@type\":\"ImageObject\",\"inLanguage\":\"hu\",\"@id\":\"https:\\\/\\\/secure.gravatar.com\\\/avatar\\\/acd08137950a379405b13aa064d50d02667b98aac36c8f6f26d32316dcafcb11?s=96&d=mm&r=g\",\"url\":\"https:\\\/\\\/secure.gravatar.com\\\/avatar\\\/acd08137950a379405b13aa064d50d02667b98aac36c8f6f26d32316dcafcb11?s=96&d=mm&r=g\",\"contentUrl\":\"https:\\\/\\\/secure.gravatar.com\\\/avatar\\\/acd08137950a379405b13aa064d50d02667b98aac36c8f6f26d32316dcafcb11?s=96&d=mm&r=g\",\"caption\":\"Mypalmleaf\"},\"sameAs\":[\"https:\\\/\\\/mypalmleaf.com\"],\"url\":\"https:\\\/\\\/mypalmleaf.com\\\/hu\\\/author\\\/mpl\\\/\"},{\"@type\":\"Person\",\"@id\":\"https:\\\/\\\/mypalmleaf.com\\\/#founder\",\"name\":\"Stephan Oesterreicher\",\"jobTitle\":\"Founder\",\"worksFor\":{\"@id\":\"https:\\\/\\\/mypalmleaf.com\\\/#organization\"},\"url\":\"https:\\\/\\\/mypalmleaf.com\\\/the-story-of-mypalmleaf\\\/\"}]}<\/script>\n<!-- \/ Yoast SEO plugin. -->","yoast_head_json":{"title":"Mi\u00e9rt kellene mindenkinek legal\u00e1bb egyszer zar\u00e1ndoklatot tennie az \u00e9letben: a szent utaz\u00e1sok \u00e1talak\u00edt\u00f3 ereje - Mypalmleaf","robots":{"index":"index","follow":"follow","max-snippet":"max-snippet:-1","max-image-preview":"max-image-preview:large","max-video-preview":"max-video-preview:-1"},"og_locale":"hu_HU","og_type":"article","og_title":"Mi\u00e9rt kellene mindenkinek legal\u00e1bb egyszer zar\u00e1ndoklatot tennie az \u00e9letben: a szent utaz\u00e1sok \u00e1talak\u00edt\u00f3 ereje - Mypalmleaf","og_description":"Mi\u00e9rt kellene mindenkinek legal\u00e1bb egyszer \u00e9let\u00e9ben \u00e1t\u00e9lnie egy zar\u00e1ndoklatot: A szent utaz\u00e1sok \u00e1tform\u00e1l\u00f3 ereje Gondolkodt\u00e1l m\u00e1r azon, mi\u00e9rt utaznak az emberek t\u00f6bb ezer kilom\u00e9tert csak az\u00e9rt, hogy megl\u00e1togassanak egy szent helyet? Az El Camino kanyarg\u00f3s \u00f6sv\u00e9nyeit\u0151l a Gangesz szent viz\u00e9ig a zar\u00e1ndokok \u00e9vezredek \u00f3ta teszik meg ezeket az utakat. \u00c9s nem puszt\u00e1n v\u00e1rosn\u00e9z\u00e9sr\u0151l van sz\u00f3 [&hellip;]","og_url":"https:\/\/mypalmleaf.com\/hu\/hu-why-everyone-should-experience-a-pilgrimage-at-least-once-in-their-life-the-transformative-power-of-sacred-travels\/","og_site_name":"Mypalmleaf","article_publisher":"https:\/\/www.facebook.com\/Mypalmleaf","article_published_time":"2025-07-11T05:30:00+00:00","article_modified_time":"2026-06-09T17:56:10+00:00","og_image":[{"width":624,"height":346,"url":"https:\/\/mypalmleaf.com\/wp-content\/uploads\/2025\/04\/fi51-1.jpg","type":"image\/jpeg"}],"author":"Mypalmleaf","twitter_card":"summary_large_image","twitter_misc":{"Szerz\u0151:":"Mypalmleaf","Becs\u00fclt olvas\u00e1si id\u0151":"11 perc"},"schema":{"@context":"https:\/\/schema.org","@graph":[{"@type":"Article","@id":"https:\/\/mypalmleaf.com\/hu\/hu-why-everyone-should-experience-a-pilgrimage-at-least-once-in-their-life-the-transformative-power-of-sacred-travels\/#article","isPartOf":{"@id":"https:\/\/mypalmleaf.com\/hu\/hu-why-everyone-should-experience-a-pilgrimage-at-least-once-in-their-life-the-transformative-power-of-sacred-travels\/"},"author":{"name":"Mypalmleaf","@id":"https:\/\/mypalmleaf.com\/hu\/#\/schema\/person\/865c3c7f353c784015133ed78c84e890"},"headline":"Mi\u00e9rt kellene mindenkinek legal\u00e1bb egyszer zar\u00e1ndoklatot tennie az \u00e9letben: a szent utaz\u00e1sok \u00e1talak\u00edt\u00f3 ereje","datePublished":"2025-07-11T05:30:00+00:00","dateModified":"2026-06-09T17:56:10+00:00","mainEntityOfPage":{"@id":"https:\/\/mypalmleaf.com\/hu\/hu-why-everyone-should-experience-a-pilgrimage-at-least-once-in-their-life-the-transformative-power-of-sacred-travels\/"},"wordCount":2262,"commentCount":0,"publisher":{"@id":"https:\/\/mypalmleaf.com\/hu\/#organization"},"image":{"@id":"https:\/\/mypalmleaf.com\/hu\/hu-why-everyone-should-experience-a-pilgrimage-at-least-once-in-their-life-the-transformative-power-of-sacred-travels\/#primaryimage"},"thumbnailUrl":"https:\/\/mypalmleaf.com\/wp-content\/uploads\/2025\/04\/fi51-1.jpg","articleSection":["Zar\u00e1ndoklatok \u00e9s Szent Helyek"],"inLanguage":"hu","potentialAction":[{"@type":"CommentAction","name":"Comment","target":["https:\/\/mypalmleaf.com\/hu\/hu-why-everyone-should-experience-a-pilgrimage-at-least-once-in-their-life-the-transformative-power-of-sacred-travels\/#respond"]}]},{"@type":"WebPage","@id":"https:\/\/mypalmleaf.com\/hu\/hu-why-everyone-should-experience-a-pilgrimage-at-least-once-in-their-life-the-transformative-power-of-sacred-travels\/","url":"https:\/\/mypalmleaf.com\/hu\/hu-why-everyone-should-experience-a-pilgrimage-at-least-once-in-their-life-the-transformative-power-of-sacred-travels\/","name":"Mi\u00e9rt kellene mindenkinek legal\u00e1bb egyszer zar\u00e1ndoklatot tennie az \u00e9letben: a szent utaz\u00e1sok \u00e1talak\u00edt\u00f3 ereje - Mypalmleaf","isPartOf":{"@id":"https:\/\/mypalmleaf.com\/hu\/#website"},"primaryImageOfPage":{"@id":"https:\/\/mypalmleaf.com\/hu\/hu-why-everyone-should-experience-a-pilgrimage-at-least-once-in-their-life-the-transformative-power-of-sacred-travels\/#primaryimage"},"image":{"@id":"https:\/\/mypalmleaf.com\/hu\/hu-why-everyone-should-experience-a-pilgrimage-at-least-once-in-their-life-the-transformative-power-of-sacred-travels\/#primaryimage"},"thumbnailUrl":"https:\/\/mypalmleaf.com\/wp-content\/uploads\/2025\/04\/fi51-1.jpg","datePublished":"2025-07-11T05:30:00+00:00","dateModified":"2026-06-09T17:56:10+00:00","breadcrumb":{"@id":"https:\/\/mypalmleaf.com\/hu\/hu-why-everyone-should-experience-a-pilgrimage-at-least-once-in-their-life-the-transformative-power-of-sacred-travels\/#breadcrumb"},"inLanguage":"hu","potentialAction":[{"@type":"ReadAction","target":["https:\/\/mypalmleaf.com\/hu\/hu-why-everyone-should-experience-a-pilgrimage-at-least-once-in-their-life-the-transformative-power-of-sacred-travels\/"]}]},{"@type":"ImageObject","inLanguage":"hu","@id":"https:\/\/mypalmleaf.com\/hu\/hu-why-everyone-should-experience-a-pilgrimage-at-least-once-in-their-life-the-transformative-power-of-sacred-travels\/#primaryimage","url":"https:\/\/mypalmleaf.com\/wp-content\/uploads\/2025\/04\/fi51-1.jpg","contentUrl":"https:\/\/mypalmleaf.com\/wp-content\/uploads\/2025\/04\/fi51-1.jpg","width":624,"height":346,"caption":"fi51"},{"@type":"BreadcrumbList","@id":"https:\/\/mypalmleaf.com\/hu\/hu-why-everyone-should-experience-a-pilgrimage-at-least-once-in-their-life-the-transformative-power-of-sacred-travels\/#breadcrumb","itemListElement":[{"@type":"ListItem","position":1,"name":"Home","item":"https:\/\/mypalmleaf.com\/hu\/"},{"@type":"ListItem","position":2,"name":"Mi\u00e9rt kellene mindenkinek legal\u00e1bb egyszer zar\u00e1ndoklatot tennie az \u00e9letben: a szent utaz\u00e1sok \u00e1talak\u00edt\u00f3 ereje"}]},{"@type":"WebSite","@id":"https:\/\/mypalmleaf.com\/hu\/#website","url":"https:\/\/mypalmleaf.com\/hu\/","name":"Mypalmleaf","description":"","publisher":{"@id":"https:\/\/mypalmleaf.com\/hu\/#organization"},"potentialAction":[{"@type":"SearchAction","target":{"@type":"EntryPoint","urlTemplate":"https:\/\/mypalmleaf.com\/hu\/?s={search_term_string}"},"query-input":{"@type":"PropertyValueSpecification","valueRequired":true,"valueName":"search_term_string"}}],"inLanguage":"hu"},{"@type":"Organization","@id":"https:\/\/mypalmleaf.com\/hu\/#organization","name":"Mypalmleaf","url":"https:\/\/mypalmleaf.com\/hu\/","logo":{"@type":"ImageObject","inLanguage":"hu","@id":"https:\/\/mypalmleaf.com\/hu\/#\/schema\/logo\/image\/","url":"https:\/\/mypalmleaf.com\/wp-content\/uploads\/2026\/04\/logo-2-2.webp","contentUrl":"https:\/\/mypalmleaf.com\/wp-content\/uploads\/2026\/04\/logo-2-2.webp","width":800,"height":149,"caption":"Mypalmleaf"},"image":{"@id":"https:\/\/mypalmleaf.com\/hu\/#\/schema\/logo\/image\/"},"sameAs":["https:\/\/www.youtube.com\/@mypalmleaf2856","https:\/\/www.instagram.com\/mypalmleaf\/","https:\/\/www.facebook.com\/mypalmleaf\/"],"founder":{"@id":"https:\/\/mypalmleaf.com\/#founder"},"legalName":"Conscious Innovation Lab O\u00dc","foundingDate":"2020","vatID":"EE102459135","taxID":"14825448","address":{"@type":"PostalAddress","streetAddress":"T\u00f6\u00f6stuse tn 48","postalCode":"10416","addressLocality":"Tallinn","addressCountry":"EE"},"contactPoint":{"@type":"ContactPoint","contactType":"customer support","email":"info@mypalmleaf.com","availableLanguage":"en"}},{"@type":"Person","@id":"https:\/\/mypalmleaf.com\/hu\/#\/schema\/person\/865c3c7f353c784015133ed78c84e890","name":"Mypalmleaf","image":{"@type":"ImageObject","inLanguage":"hu","@id":"https:\/\/secure.gravatar.com\/avatar\/acd08137950a379405b13aa064d50d02667b98aac36c8f6f26d32316dcafcb11?s=96&d=mm&r=g","url":"https:\/\/secure.gravatar.com\/avatar\/acd08137950a379405b13aa064d50d02667b98aac36c8f6f26d32316dcafcb11?s=96&d=mm&r=g","contentUrl":"https:\/\/secure.gravatar.com\/avatar\/acd08137950a379405b13aa064d50d02667b98aac36c8f6f26d32316dcafcb11?s=96&d=mm&r=g","caption":"Mypalmleaf"},"sameAs":["https:\/\/mypalmleaf.com"],"url":"https:\/\/mypalmleaf.com\/hu\/author\/mpl\/"},{"@type":"Person","@id":"https:\/\/mypalmleaf.com\/#founder","name":"Stephan Oesterreicher","jobTitle":"Founder","worksFor":{"@id":"https:\/\/mypalmleaf.com\/#organization"},"url":"https:\/\/mypalmleaf.com\/the-story-of-mypalmleaf\/"}]}},"_links":{"self":[{"href":"https:\/\/mypalmleaf.com\/hu\/wp-json\/wp\/v2\/posts\/161421","targetHints":{"allow":["GET"]}}],"collection":[{"href":"https:\/\/mypalmleaf.com\/hu\/wp-json\/wp\/v2\/posts"}],"about":[{"href":"https:\/\/mypalmleaf.com\/hu\/wp-json\/wp\/v2\/types\/post"}],"author":[{"embeddable":true,"href":"https:\/\/mypalmleaf.com\/hu\/wp-json\/wp\/v2\/users\/1"}],"replies":[{"embeddable":true,"href":"https:\/\/mypalmleaf.com\/hu\/wp-json\/wp\/v2\/comments?post=161421"}],"version-history":[{"count":1,"href":"https:\/\/mypalmleaf.com\/hu\/wp-json\/wp\/v2\/posts\/161421\/revisions"}],"predecessor-version":[{"id":174837,"href":"https:\/\/mypalmleaf.com\/hu\/wp-json\/wp\/v2\/posts\/161421\/revisions\/174837"}],"wp:featuredmedia":[{"embeddable":true,"href":"https:\/\/mypalmleaf.com\/hu\/wp-json\/wp\/v2\/media\/99364"}],"wp:attachment":[{"href":"https:\/\/mypalmleaf.com\/hu\/wp-json\/wp\/v2\/media?parent=161421"}],"wp:term":[{"taxonomy":"category","embeddable":true,"href":"https:\/\/mypalmleaf.com\/hu\/wp-json\/wp\/v2\/categories?post=161421"},{"taxonomy":"post_tag","embeddable":true,"href":"https:\/\/mypalmleaf.com\/hu\/wp-json\/wp\/v2\/tags?post=161421"}],"curies":[{"name":"wp","href":"https:\/\/api.w.org\/{rel}","templated":true}]}}