{"id":161580,"date":"2025-04-02T00:00:00","date_gmt":"2025-04-01T18:30:00","guid":{"rendered":""},"modified":"2026-06-09T23:38:25","modified_gmt":"2026-06-09T18:08:25","slug":"hu-beyond-the-mat-yogas-role-in-understanding-your-lifes-purpose","status":"publish","type":"post","link":"https:\/\/mypalmleaf.com\/hu\/hu-beyond-the-mat-yogas-role-in-understanding-your-lifes-purpose\/","title":{"rendered":"A j\u00f3gasz\u0151nyegen t\u00fal: A j\u00f3ga szerepe az \u00e9letc\u00e9lod meg\u00e9rt\u00e9s\u00e9ben"},"content":{"rendered":"\n<p class=\"wp-block-paragraph\"><strong>A matracon t\u00fal: A j\u00f3ga szerepe az \u00e9letc\u00e9lod meg\u00e9rt\u00e9s\u00e9ben<\/strong><br\/>Fedezd fel a j\u00f3ga t\u00f6rt\u00e9net\u00e9t, n\u00f6vekv\u0151 nyugati hat\u00e1s\u00e1t \u00e9s kapcsolat\u00e1t a p\u00e1lmalev\u00e9l felolvas\u00e1sokkal. Ismerd meg, hogyan tal\u00e1lkozik az \u0151si b\u00f6lcsess\u00e9g a modern gyakorl\u00f3kkal.<\/p>\n\n<h2 class=\"wp-block-heading\"><strong>A j\u00f3ga \u00fatja az \u0151si Indi\u00e1t\u00f3l a nyugati vil\u00e1gig<\/strong><\/h2>\n\n<p class=\"wp-block-paragraph\">A j\u00f3ga t\u00f6bb mint puszt\u00e1n fizikai testtart\u00e1sok sora; ez egy <strong>m\u00e9lyrehat\u00f3 spiritu\u00e1lis tudom\u00e1ny<\/strong>, amelyet \u00e9vezredek \u00f3ta gyakorolnak. Az <strong>India \u0151si hagyom\u00e1nyaiban<\/strong> gy\u00f6kerez\u0151 j\u00f3ga az \u00f6nfelfedez\u00e9s, a bels\u0151 b\u00e9ke \u00e9s a testi j\u00f3ll\u00e9t \u00fatjak\u00e9nt szolg\u00e1l. M\u00e1ra a j\u00f3ga bej\u00e1rta a vil\u00e1got, milli\u00f3k mindennapi \u00e9let\u00e9t form\u00e1lva, akik egyens\u00falyt \u00e9s m\u00e9lyebb \u00e9rtelmet keresnek.<\/p>\n\n<p class=\"wp-block-paragraph\">A <strong>Mypalmleaf<\/strong>-n\u00e9l hisz\u00fcnk abban, hogy a j\u00f3ga \u00e9s a <strong>p\u00e1lmalev\u00e9l felolvas\u00e1sok<\/strong> \u00f6sszekapcsol\u00f3dnak. Mindkett\u0151 \u0151si \u00fatmutat\u00e1st ny\u00fajt, hogy seg\u00edtse az embereket egyedi \u00e9let\u00fatjuk bej\u00e1r\u00e1s\u00e1ban. Mik\u00f6zben a j\u00f3ga fizikai \u00e9s ment\u00e1lis \u00f6sszehangolts\u00e1got teremt, a p\u00e1lmalev\u00e9l felolvas\u00e1sok olyan <strong>spiritu\u00e1lis felismer\u00e9seket<\/strong> t\u00e1rnak fel, amelyek seg\u00edtenek a gyakorl\u00f3knak meg\u00e9rteni karmikus \u00fatjukat. Ebben a cikkben felfedezz\u00fck a <strong>j\u00f3ga t\u00f6rt\u00e9net\u00e9t<\/strong>, modern vil\u00e1gbeli jelent\u0151s\u00e9g\u00e9t, \u00e9s azt, hogyan kapcsol\u00f3dik a p\u00e1lmalev\u00e9l felolvas\u00e1sokban rejl\u0151 b\u00f6lcsess\u00e9ghez.<\/p>\n\n<p class=\"wp-block-paragraph\"><a href=\"https:\/\/mypalmleaf.com\/reading-process\/\" target=\"_blank\" rel=\"noreferrer noopener\">Fedezd fel a p\u00e1lmalev\u00e9l felolvas\u00e1sok \u0151si b\u00f6lcsess\u00e9g\u00e9t.<\/a><\/p>\n\n<h2 class=\"wp-block-heading\"><strong>Mi a j\u00f3ga? Utaz\u00e1s az id\u0151ben<\/strong><\/h2>\n\n<h3 class=\"wp-block-heading\">A j\u00f3ga eredete t\u00f6bb mint <strong>5000 \u00e9vre<\/strong> ny\u00falik vissza, \u00edgy az egyik legr\u00e9gebbi ismert spiritu\u00e1lis tudom\u00e1ny. A j\u00f3ga legkor\u00e1bbi eml\u00edt\u00e9sei a <strong>Rig Veda<\/strong>-ban jelennek meg, az \u0151si szentiratokban, amelyek tele vannak himnuszokkal \u00e9s meditat\u00edv ritu\u00e1l\u00e9kkal. A k\u00f6r\u00fclbel\u00fcl i. e. 1500-ra visszany\u00fal\u00f3 Rig Veda a n\u00e9gy V\u00e9da k\u00f6z\u00fcl a legr\u00e9gebbinek sz\u00e1m\u00edt, \u00e9s megalapozza India sz\u00e1mos filoz\u00f3fiai \u00e9s spiritu\u00e1lis hagyom\u00e1ny\u00e1t. Isteni er\u0151knek szentelt himnuszokat tartalmaz, le\u00edrva a medit\u00e1ci\u00f3, a l\u00e9gz\u00e9sszab\u00e1lyoz\u00e1s \u00e9s az elk\u00f6telez\u0151d\u00e9s korai gyakorlatait, amelyek k\u00e9s\u0151bb j\u00f3g\u00e1v\u00e1 fejl\u0151dtek. Az <strong> <\/strong>Oxfordi Egyetem kutat\u00f3i szerint a Rig Veda kulcsfontoss\u00e1g\u00fa sz\u00f6veg, amely hat\u00e1ssal volt a hinduizmusra, a j\u00f3g\u00e1ra \u00e9s m\u00e1s v\u00e9dikus hagyom\u00e1nyokra.<a href=\"https:\/\/www.humanities.ox.ac.uk\/vedas-once-and-future-scriptless-texts\" target=\"_blank\" rel=\"noreferrer noopener\"><em>Ez az Oxfordi Egyetemr\u0151l sz\u00e1rmaz\u00f3 cikk<\/em><\/a><em> <\/em> elm\u00e9ly\u00fcl a V\u00e9d\u00e1k sz\u00f3beli hagyom\u00e1ny\u00e1ban, r\u00e1vil\u00e1g\u00edtva arra, hogyan \u0151rizt\u00e9k meg \u00e9s adt\u00e1k tov\u00e1bb azokat gener\u00e1ci\u00f3kon kereszt\u00fcl \u00edr\u00e1s haszn\u00e1lata n\u00e9lk\u00fcl.<\/h3>\n\n<h3 class=\"wp-block-heading\"><strong>Hogyan fejl\u0151d\u00f6tt a j\u00f3ga az \u00e9vsz\u00e1zadok sor\u00e1n:<\/strong><\/h3>\n\n<ol class=\"wp-block-list\">\n<li><strong>V\u00e9dikus j\u00f3ga (i. e. 1500 el\u0151tt)<\/strong> \u2013 A b\u00f6lcsek \u00e1ltal gyakorolt j\u00f3gair\u00e1nyzat m\u00e9lyen spiritu\u00e1lis volt, k\u00e1nt\u00e1l\u00e1st \u00e9s ritu\u00e1l\u00e9kat foglalt mag\u00e1ban az isteni tudatoss\u00e1ggal val\u00f3 kapcsol\u00f3d\u00e1s \u00e9rdek\u00e9ben.<\/li>\n\n\n\n<li><strong>Klasszikus kor el\u0151tti j\u00f3ga (i. e. 1500 \u2013 i. sz. 200) <\/strong>\u2013 Az Upanisadok \u00e9s a Bhagavad Gita m\u00e9ly filoz\u00f3fiai tan\u00edt\u00e1sokat vezettek be, a j\u00f3g\u00e1t a ritu\u00e1l\u00e9k fel\u0151l a bels\u0151 felfedez\u00e9s fel\u00e9 terelve.<\/li>\n\n\n\n<li><strong>Klasszikus j\u00f3ga (i. sz. 200 \u2013 i. sz. 1500)<\/strong> \u2013 Patanjali J\u00f3ga sz\u00fatr\u00e1i nyolcr\u00e9t\u0171 \u00f6sv\u00e9nny\u00e9 rendszerezt\u00e9k a j\u00f3g\u00e1t, az erk\u00f6lcsi elvekre, a testtart\u00e1sokra, a l\u00e9gz\u00e9smunk\u00e1ra \u00e9s a medit\u00e1ci\u00f3ra \u00f6sszpontos\u00edtva.<\/li>\n\n\n\n<li><strong>Modern j\u00f3ga (1800-as \u00e9vekt\u0151l \u2013 napjainkig)<\/strong> \u2013 A j\u00f3ga olyan tan\u00edt\u00f3kon kereszt\u00fcl \u00e9rkezett a nyugati vil\u00e1gba, mint Swami Vivekananda, k\u00e9s\u0151bb pedig B.K.S. Iyengar \u00e9s Pattabhi Jois, glob\u00e1lis jelens\u00e9gg\u00e9 t\u00e9ve azt.<\/li>\n<\/ol>\n\n<p class=\"wp-block-paragraph\">A <a href=\"https:\/\/www.yogajournal.com\">Yoga <\/a><a href=\"https:\/\/www.yogajournal.com\" target=\"_blank\" rel=\"noreferrer noopener\">Journal<\/a><a href=\"https:\/\/www.yogajournal.com\">,<\/a> szerint ezek az \u00e1talakul\u00e1sok seg\u00edtett\u00e9k a j\u00f3g\u00e1t azz\u00e1 a gyakorlatt\u00e1 v\u00e1lni, amit ma ismer\u00fcnk \u2013 amely egyens\u00falyt teremt a fizikai mozg\u00e1s, valamint a ment\u00e1lis \u00e9s \u00e9rzelmi j\u00f3ll\u00e9t k\u00f6z\u00f6tt.<\/p>\n\n<p class=\"wp-block-paragraph\">Ha szeretn\u00e9l vizu\u00e1lisan is elm\u00e9ly\u00fclni a j\u00f3ga leny\u0171g\u00f6z\u0151 t\u00f6rt\u00e9nelm\u00e9ben \u2013 a v\u00e9dikus gy\u00f6kerekt\u0151l a modern \u00e1talakul\u00e1sig \u2013, n\u00e9zd meg ezt a tartalmas filmet <a href=\"https:\/\/youtu.be\/JoRwXMLsVis?si=ZlJBmu-yALUh28Be\"><em>A <\/em><\/a><em><a href=\"https:\/\/youtu.be\/JoRwXMLsVis?si=ZlJBmu-yALUh28Be\" target=\"_blank\" rel=\"noreferrer noopener\">j\u00f3ga <\/a><\/em><a href=\"https:\/\/youtu.be\/JoRwXMLsVis?si=ZlJBmu-yALUh28Be\"><em>t\u00f6rt\u00e9net\u00e9<\/em>r\u0151l itt.<\/a><\/p>\n\n<p class=\"wp-block-paragraph\">Ha szeretn\u00e9l m\u00e9lyebben megismerkedni a <strong>j\u00f3ga eredet\u00e9vel \u00e9s fejl\u0151d\u00e9s\u00e9vel<\/strong>, n\u00e9zd meg a <a href=\"https:\/\/www.youtube.com\/watch?v=Pzaai8azbqA\"><em>The <\/em><\/a><em><a href=\"https:\/\/www.youtube.com\/watch?v=Pzaai8azbqA\" target=\"_blank\" rel=\"noreferrer noopener\">Origin <\/a><\/em><a href=\"https:\/\/www.youtube.com\/watch?v=Pzaai8azbqA\"><em>of Yoga<\/em><\/a> c\u00edm\u0171 vide\u00f3t, ahol <strong>Sadhguru<\/strong>, a vil\u00e1gszerte elismert j\u00f3gi, misztikus \u00e9s az Isha Foundation alap\u00edt\u00f3ja elmagyar\u00e1zza, hogyan v\u00e1lt a j\u00f3ga a j\u00f3ll\u00e9t \u00e9s a spiritu\u00e1lis \u00e1talakul\u00e1s m\u00e9ly tudom\u00e1ny\u00e1v\u00e1. Ebben a vide\u00f3ban elm\u00e9ly\u00fcl a j\u00f3ga gy\u00f6kereiben, a fizikai testmozg\u00e1son t\u00falmutat\u00f3 c\u00e9lj\u00e1ban \u00e9s a modern \u00e9letben bet\u00f6lt\u00f6tt jelent\u0151s\u00e9g\u00e9ben.<\/p>\n\n<figure class=\"wp-block-embed is-type-video is-provider-youtube wp-block-embed-youtube wp-embed-aspect-16-9 wp-has-aspect-ratio\"><div class=\"wp-block-embed__wrapper\">\n<iframe title=\"The Origin Of Yoga | Sadhguru\" width=\"800\" height=\"450\" src=\"https:\/\/www.youtube.com\/embed\/Pzaai8azbqA?feature=oembed\" frameborder=\"0\" allow=\"accelerometer; autoplay; clipboard-write; encrypted-media; gyroscope; picture-in-picture; web-share\" referrerpolicy=\"strict-origin-when-cross-origin\" allowfullscreen><\/iframe>\n<\/div><\/figure>\n\n<h2 class=\"wp-block-heading\"><strong>Hogyan v\u00e1lt a j\u00f3ga glob\u00e1lis mozgalomm\u00e1<\/strong><\/h2>\n\n<p class=\"wp-block-paragraph\">A j\u00f3ga szent, meditat\u00edv gyakorlatk\u00e9nt indult, m\u00e1ra azonban <strong>vil\u00e1gm\u00e9ret\u0171 mozgalomm\u00e1<\/strong> v\u00e1lt. Sz\u00e9les k\u00f6r\u0171 n\u00e9pszer\u0171s\u00e9g\u00e9hez sz\u00e1mos t\u00e9nyez\u0151 j\u00e1rult hozz\u00e1:<\/p>\n\n<ul class=\"wp-block-list\">\n<li><strong>Eg\u00e9szs\u00e9g\u00fcgyi el\u0151ny\u00f6k:<\/strong> Tudom\u00e1nyos kutat\u00e1sok igazolt\u00e1k a j\u00f3ga hat\u00e9konys\u00e1g\u00e1t a <strong>stressz cs\u00f6kkent\u00e9s\u00e9ben, a rugalmass\u00e1g n\u00f6vel\u00e9s\u00e9ben \u00e9s a ment\u00e1lis tisztas\u00e1g fokoz\u00e1s\u00e1ban<\/strong>.<\/li>\n\n\n\n<li><strong>Spiritu\u00e1lis \u00e9bred\u00e9s:<\/strong> Ahogy az emberek m\u00e9lyebb \u00e9rtelmet keresnek az \u00e9let\u00fckben, a j\u00f3ga utat k\u00edn\u00e1l az \u00f6nmegval\u00f3s\u00edt\u00e1shoz.<\/li>\n\n\n\n<li><strong>Orvosi t\u00e1mogatotts\u00e1g:<\/strong> Ma m\u00e1r sok orvos javasolja a j\u00f3g\u00e1t a <strong>ment\u00e1lis eg\u00e9szs\u00e9g, a sz\u00edv eg\u00e9szs\u00e9ge \u00e9s a kr\u00f3nikus f\u00e1jdalom kezel\u00e9se ter\u00e9n<\/strong>.<\/li>\n\n\n\n<li><strong>H\u00edress\u00e9gek hat\u00e1sa:<\/strong> Olyan ismert szem\u00e9lyis\u00e9gek, mint <strong>Oprah Winfrey, Madonna \u00e9s Steve Jobs<\/strong>, a j\u00f3g\u00e1nak tulajdon\u00edtj\u00e1k \u00e9let\u00fck \u00e1tform\u00e1l\u00e1s\u00e1t.<\/li>\n<\/ul>\n\n<p class=\"wp-block-paragraph\">Tudom\u00e1nyos kutat\u00e1sok folyamatosan igazolj\u00e1k a j\u00f3ga ment\u00e1lis \u00e9s fizikai j\u00f3ll\u00e9tre gyakorolt hat\u00e1s\u00e1t. A Harvard Medical School kiemeli a j\u00f3ga m\u00e9lyrehat\u00f3 el\u0151nyeit, bele\u00e9rtve a stressz cs\u00f6kkent\u00e9s\u00e9re, a mozg\u00e9konys\u00e1g n\u00f6vel\u00e9s\u00e9re \u00e9s a sz\u00edv- \u00e9s \u00e9rrendszeri eg\u00e9szs\u00e9g t\u00e1mogat\u00e1s\u00e1ra gyakorolt hat\u00e1s\u00e1t. <a href=\"https:\/\/www.health.harvard.edu\/staying-healthy\/yoga-benefits-beyond-the-mat\" target=\"_blank\" rel=\"noreferrer noopener\">Olvass tov\u00e1bb a j\u00f3ga t\u00f6rt\u00e9net\u00e9r\u0151l \u00e9s el\u0151nyeir\u0151l itt<\/a>.<\/p>\n\n<p class=\"wp-block-paragraph\">A j\u00f3ga t\u00f6rt\u00e9nete szorosan \u00f6sszefon\u00f3dik India spiritu\u00e1lis \u00f6r\u00f6ks\u00e9g\u00e9vel, \u00e9s hat\u00e1sa \u00e9vsz\u00e1zadokat \u00edvel \u00e1t. A BBC bemutatja, hogyan fejlesztett\u00e9k ki az \u0151si b\u00f6lcsek a j\u00f3g\u00e1t a megvil\u00e1gosod\u00e1s \u00e9s a j\u00f3ll\u00e9t holisztikus gyakorlatak\u00e9nt. <a href=\"https:\/\/www.bbc.com\/future\/article\/20250124-how-yoga-can-rewire-your-brain-and-improve-your-mental-health\">Tudj meg t\u00f6bbet a j\u00f3ga \u0151si <\/a><a href=\"https:\/\/www.bbc.com\/future\/article\/20250124-how-yoga-can-rewire-your-brain-and-improve-your-mental-health\" target=\"_blank\" rel=\"noreferrer noopener\">eredet<\/a><a href=\"https:\/\/www.bbc.com\/future\/article\/20250124-how-yoga-can-rewire-your-brain-and-improve-your-mental-health\">\u00e9r\u0151l itt<\/a>.<\/p>\n\n<p class=\"wp-block-paragraph\"><a href=\"https:\/\/mypalmleaf.com\/remedies\/\">Fedezd fel a <\/a><a href=\"https:\/\/mypalmleaf.com\/remedies\/\" target=\"_blank\" rel=\"noreferrer noopener\">spiritu\u00e1lis <\/a><a href=\"https:\/\/mypalmleaf.com\/remedies\/\">gyakorlatok szerep\u00e9t a modern \u00e9letben.<\/a><\/p>\n\n<h2 class=\"wp-block-heading\"><strong>Hogyan kapcsol\u00f3dik egym\u00e1shoz a j\u00f3ga \u00e9s a p\u00e1lmalev\u00e9l felolvas\u00e1s<\/strong><\/h2>\n\n<p class=\"wp-block-paragraph\">A j\u00f3ga \u00e9s a p\u00e1lmalev\u00e9l felolvas\u00e1sok k\u00f6z\u00f6s alapokon nyugszanak: az <strong>\u00f6nfelfedez\u00e9sen \u00e9s a spiritu\u00e1lis fejl\u0151d\u00e9sen<\/strong>. Amikor a keres\u0151k megkapj\u00e1k p\u00e1lmalev\u00e9l felolvas\u00e1sukat, gyakran kapnak aj\u00e1nl\u00e1sokat konkr\u00e9t <strong>gyakorlatokra, bele\u00e9rtve a j\u00f3g\u00e1t \u00e9s a medit\u00e1ci\u00f3t<\/strong>. \u00cdme, hogyan kapcsol\u00f3dnak \u00f6ssze:<\/p>\n\n<h3 class=\"wp-block-heading\"><strong>1. A karma \u00e9s az \u00d6nval\u00f3 meg\u00e9rt\u00e9se<\/strong><\/h3>\n\n<p class=\"wp-block-paragraph\">Mind a j\u00f3ga, mind a p\u00e1lmalev\u00e9l felolvas\u00e1sok azt tan\u00edtj\u00e1k, hogy jelenlegi tapasztalatainkat a <strong>m\u00faltbeli tetteink (karma)<\/strong> form\u00e1lj\u00e1k. A felolvas\u00e1sb\u00f3l sz\u00e1rmaz\u00f3 felismer\u00e9sek seg\u00edthetnek a keres\u0151knek <strong>meg\u00e9rteni c\u00e9ljukat \u00e9s az el\u0151tt\u00fck \u00e1ll\u00f3 akad\u00e1lyokat<\/strong>, m\u00edg a j\u00f3ga m\u00f3dszert k\u00edn\u00e1l a <strong>korl\u00e1tok meghalad\u00e1s\u00e1ra<\/strong>.<\/p>\n\n<h3 class=\"wp-block-heading\"><strong>2. Szem\u00e9lyre szabott gyakorlatok az \u00e1talakul\u00e1s\u00e9rt<\/strong><\/h3>\n\n<p class=\"wp-block-paragraph\">A p\u00e1lmalev\u00e9l felolvas\u00e1s gyakran javasol az egy\u00e9nre szabott <strong>spiritu\u00e1lis orvoss\u00e1gokat<\/strong>. Ezek magukban foglalhatnak <strong>j\u00f3gagyakorlatokat (\u00e1szan\u00e1k), l\u00e9gz\u0151gyakorlatokat (pr\u00e1n\u00e1j\u00e1ma) \u00e9s medit\u00e1ci\u00f3s technik\u00e1kat<\/strong> az energi\u00e1k kiegyens\u00falyoz\u00e1s\u00e1ra \u00e9s a karmikus kih\u00edv\u00e1sok lek\u00fczd\u00e9s\u00e9re.<\/p>\n\n<p class=\"wp-block-paragraph\"><a href=\"https:\/\/mypalmleaf.com\/\" target=\"_blank\" rel=\"noreferrer noopener\">Foglald le szem\u00e9lyre szabott p\u00e1lmalev\u00e9l felolvas\u00e1sodat m\u00e9g ma<\/a>.<\/p>\n\n<h3 class=\"wp-block-heading\"><strong>3. Gy\u00f3gyul\u00e1s mantr\u00e1kon \u00e9s medit\u00e1ci\u00f3n kereszt\u00fcl<\/strong><\/h3>\n\n<p class=\"wp-block-paragraph\">Sz\u00e1mos <strong>j\u00f3gahagyom\u00e1ny<\/strong> tartalmaz <strong>szent mantr\u00e1k<\/strong> k\u00e1nt\u00e1l\u00e1s\u00e1t, hasonl\u00f3an a <strong>p\u00e1lmalev\u00e9l orvoss\u00e1gokban<\/strong> javasolt mantr\u00e1khoz. Ezek a rezg\u0151 hangok seg\u00edtenek feloldani a ment\u00e1lis blokkokat, \u00e9s \u00f6sszekapcsolni az egy\u00e9nt a fels\u0151bb \u00e9nj\u00e9vel.<\/p>\n\n<p class=\"wp-block-paragraph\"><a href=\"https:\/\/mypalmleaf.com\/powerful-lord-ganesha-mantras\/\" target=\"_blank\" rel=\"noreferrer noopener\">Fedezd fel, hogyan alak\u00edthatj\u00e1k \u00e1t a mantr\u00e1k az \u00e9letedet: ismerd meg a Ganesha Mantra erej\u00e9t itt.<\/a><\/p>\n\n<figure class=\"wp-block-image size-full\"><img decoding=\"async\" src=\"https:\/\/mypalmleaf.com\/wp-content\/uploads\/2025\/03\/Pic-of-Matt.jpg\" alt=\"Pic of Matt\" class=\"wp-image-89545\"\/><\/figure>\n\n<h2 class=\"wp-block-heading\"><strong>Matt szem\u00e9lyes t\u00f6rt\u00e9nete: Hogyan v\u00e1ltoztatta meg az \u00e9let\u00e9t a j\u00f3ga \u00e9s a p\u00e1lmalev\u00e9l felolvas\u00e1s<\/strong><\/h2>\n\n<p class=\"wp-block-paragraph\">H\u00e1rom \u00e9vvel ezel\u0151tt Matt elveszettnek \u00e9rezte mag\u00e1t. B\u00e1r \u00e9vek \u00f3ta j\u00f3g\u00e1zott, \u00fagy \u00e9rezte, elszakadt az \u00e9letc\u00e9lj\u00e1t\u00f3l. Ekkor bukkant r\u00e1 a <strong>p\u00e1lmalev\u00e9l felolvas\u00e1sokra<\/strong>. A felolvas\u00e1s felismer\u00e9seket t\u00e1rt fel <strong>m\u00faltbeli karmikus ad\u00f3ss\u00e1gair\u00f3l \u00e9s j\u00f6v\u0151beli lehet\u0151s\u00e9geir\u0151l<\/strong>, \u00e9s az orvoss\u00e1gokr\u00f3l sz\u00f3l\u00f3 fejezetben konkr\u00e9t spiritu\u00e1lis gyakorlatok fel\u00e9 terelte \u0151t. Elkezdte be\u00e9p\u00edteni a javasolt orvoss\u00e1gokat a napi <strong>j\u00f3gagyakorl\u00e1s\u00e1ba<\/strong>, hogy elm\u00e9ly\u00edtse spiritu\u00e1lis \u00fatj\u00e1t. A <strong>l\u00e9gz\u00e9smunka &amp; mantraism\u00e9tl\u00e9s<\/strong> integr\u00e1l\u00e1s\u00e1val Matt nemcsak fizikailag \u00e9rezte mag\u00e1t kiegyens\u00falyozottabbnak, hanem <strong>m\u00e9ly \u00e9rzelmi gy\u00f3gyul\u00e1st<\/strong>.<\/p>\n\n<h2 class=\"wp-block-heading\"><strong>J\u00f3ga mindenkinek: Gyakorlat az \u00e9let minden ter\u00fclet\u00e9r\u0151l \u00e9rkez\u0151knek<\/strong><\/h2>\n\n<p class=\"wp-block-paragraph\">A j\u00f3ga olyan gyakorlat, amely szeretettel v\u00e1r <strong>minden koroszt\u00e1lyt, h\u00e1tteret \u00e9s k\u00e9pess\u00e9get<\/strong>, olyan el\u0151ny\u00f6ket k\u00edn\u00e1lva, amelyek messze t\u00falmutatnak a puszta fizikai er\u0151nl\u00e9ten. Ak\u00e1r <strong>stresszold\u00e1sra, nagyobb rugalmass\u00e1gra, spiritu\u00e1lis fejl\u0151d\u00e9sre vagy ment\u00e1lis tisztas\u00e1gra<\/strong> v\u00e1gysz, a j\u00f3ga az egy\u00e9ni ig\u00e9nyeidre szabott utat k\u00edn\u00e1l. Sok fitneszprogrammal ellent\u00e9tben, amelyek egy adott c\u00e9lcsoportot c\u00e9loznak meg, a j\u00f3ga <strong>egyetemesen alkalmazhat\u00f3<\/strong>, lehet\u0151v\u00e9 t\u00e9ve a gyakorl\u00f3k sz\u00e1m\u00e1ra, hogy a testtart\u00e1sokat \u00e9s a sorozatokat a saj\u00e1t k\u00e9nyelmi szintj\u00fcknek \u00e9s c\u00e9ljaiknak megfelel\u0151en m\u00f3dos\u00edts\u00e1k. A ment\u00e1lis meg\u00fajul\u00e1sra v\u00e1gy\u00f3 v\u00e1llalati szakemberekt\u0151l a mozg\u00e9konys\u00e1gukat fejleszt\u0151 sportol\u00f3kig vagy az \u00edz\u00fcleteik eg\u00e9szs\u00e9g\u00e9t meg\u0151rz\u0151 id\u0151sekig, a j\u00f3ga mindenkit ott \u00e9r el, ahol \u00e9ppen tart az \u00fatj\u00e1n.<\/p>\n\n<p class=\"wp-block-paragraph\"><strong>A modern j\u00f3ga felfedez\u00e9se: St\u00edlusok minden \u00e9letst\u00edlushoz<\/strong><\/p>\n\n<p class=\"wp-block-paragraph\">A mai vil\u00e1gban a j\u00f3ga sz\u00e1mos st\u00edlusra b\u0151v\u00fclt, amelyek mindegyike k\u00fcl\u00f6nb\u00f6z\u0151 fizikai, \u00e9rzelmi \u00e9s spiritu\u00e1lis ig\u00e9nyeket hivatott kiel\u00e9g\u00edteni:<\/p>\n\n<ul class=\"wp-block-list\">\n<li><strong>Hatha j\u00f3ga<\/strong> \u2013 Gyeng\u00e9d, alapoz\u00f3 st\u00edlus, amely t\u00f6k\u00e9letes kezd\u0151knek, az alapvet\u0151 testtart\u00e1sokra \u00e9s a l\u00e9gz\u00e9sszab\u00e1lyoz\u00e1sra \u00f6sszpontos\u00edtva.<\/li>\n\n\n\n<li><strong>Vinyasa j\u00f3ga<\/strong> \u2013 Dinamikus, \u00e1raml\u00f3 gyakorl\u00e1s, amely \u00f6sszekapcsolja a l\u00e9gz\u00e9st a mozg\u00e1ssal, kiv\u00e1l\u00f3 azok sz\u00e1m\u00e1ra, akik szeretik az akt\u00edv edz\u00e9seket.<\/li>\n\n\n\n<li><strong>Ashtanga j\u00f3ga<\/strong> \u2013 Struktur\u00e1lt \u00e9s fizikailag ig\u00e9nyes sorozat, amely ide\u00e1lis az er\u0151, a fegyelem \u00e9s az \u00e1ll\u00f3k\u00e9pess\u00e9g fejleszt\u00e9s\u00e9re.<\/li>\n\n\n\n<li><strong>Yin j\u00f3ga<\/strong> \u2013 Lass\u00fa temp\u00f3j\u00fa st\u00edlus, amely a m\u00e9ly k\u00f6t\u0151sz\u00f6veteket c\u00e9lozza meg hosszan kitartott, meditat\u00edv p\u00f3zokkal a relax\u00e1ci\u00f3 \u00e9s a rugalmass\u00e1g \u00e9rdek\u00e9ben.<\/li>\n\n\n\n<li><strong>Restorat\u00edv j\u00f3ga<\/strong> \u2013 M\u00e9lyen relax\u00e1l\u00f3 gyakorlat, amely eszk\u00f6z\u00f6ket haszn\u00e1l a passz\u00edv p\u00f3zok megt\u00e1maszt\u00e1s\u00e1ra, el\u0151seg\u00edtve a pihen\u00e9st \u00e9s a stresszold\u00e1st.<\/li>\n\n\n\n<li><strong>Kundalini j\u00f3ga<\/strong> \u2013 Spiritu\u00e1lis f\u00f3kusz\u00fa st\u00edlus, amely l\u00e9gz\u00e9smunk\u00e1t, mantrak\u00e1nt\u00e1l\u00e1st \u00e9s medit\u00e1ci\u00f3t integr\u00e1l az energiak\u00f6zpontok fel\u00e9breszt\u00e9s\u00e9re.<\/li>\n\n\n\n<li><strong>Bikram (Hot) j\u00f3ga<\/strong> \u2013 26 testtart\u00e1sb\u00f3l \u00e1ll\u00f3 sorozat, amelyet f\u0171t\u00f6tt teremben gyakorolnak, a m\u00e9regtelen\u00edt\u00e9s \u00e9s a rugalmass\u00e1g n\u00f6vel\u00e9se c\u00e9lj\u00e1b\u00f3l.<\/li>\n\n\n\n<li><strong>Iyengar j\u00f3ga<\/strong> \u2013 Prec\u00edz \u00e9s a helyes testtart\u00e1sra \u00e9p\u00fcl\u0151 gyakorlat, amely olyan eszk\u00f6z\u00f6ket haszn\u00e1l, mint a t\u00e9gl\u00e1k \u00e9s a hevederek a p\u00f3zok t\u00f6k\u00e9letes\u00edt\u00e9s\u00e9hez.<\/li>\n\n\n\n<li><strong>Power j\u00f3ga<\/strong> \u2013 Fitneszk\u00f6zpont\u00fa, er\u0151teljes j\u00f3gast\u00edlus, amely er\u0151t, \u00e1ll\u00f3k\u00e9pess\u00e9get \u00e9s rugalmass\u00e1got \u00e9p\u00edt.<\/li>\n\n\n\n<li><strong>Sz\u00e9kj\u00f3ga<\/strong> \u2013 M\u00f3dos\u00edtott j\u00f3gagyakorlat id\u0151sek \u00e9s korl\u00e1tozott mozg\u00e1sk\u00e9pess\u00e9g\u0171ek sz\u00e1m\u00e1ra, amely sz\u00e9ket haszn\u00e1l t\u00e1maszk\u00e9nt.<\/li>\n\n\n\n<li><strong>Ter\u00e1pi\u00e1s j\u00f3ga<\/strong> \u2013 Gy\u00f3gy\u00edt\u00f3 megk\u00f6zel\u00edt\u00e9s\u0171 j\u00f3ga, amelyet s\u00e9r\u00fcl\u00e9sek ut\u00e1ni fel\u00e9p\u00fcl\u00e9sre, kr\u00f3nikus f\u00e1jdalomra \u00e9s ment\u00e1lis j\u00f3ll\u00e9tre szabtak.<\/li>\n<\/ul>\n\n<p class=\"wp-block-paragraph\">Ilyen sz\u00e9les v\u00e1laszt\u00e9k mellett <strong>a j\u00f3ga tov\u00e1bbra is befogad\u00f3 gyakorlat marad<\/strong>, lehet\u0151v\u00e9 t\u00e9ve mindenki sz\u00e1m\u00e1ra, hogy megtapasztalja m\u00e9lyrehat\u00f3 fizikai, ment\u00e1lis \u00e9s spiritu\u00e1lis el\u0151nyeit.<\/p>\n\n<p class=\"wp-block-paragraph\"><a href=\"https:\/\/www.yogajournal.com\/yoga-101\/types-of-yoga\/\" target=\"_blank\" rel=\"noreferrer noopener\">Tal\u00e1ld meg a k\u00fcl\u00f6nf\u00e9le j\u00f3gast\u00edlusok r\u00e9szletes bemutat\u00e1s\u00e1t, el\u0151nyeiket \u00e9s a sz\u00e1modra megfelel\u0151 kiv\u00e1laszt\u00e1s\u00e1nak m\u00f3dj\u00e1t itt.<\/a><\/p>\n\n<figure class=\"wp-block-image size-full\"><img decoding=\"async\" src=\"https:\/\/mypalmleaf.com\/wp-content\/uploads\/2025\/03\/Pic-of-older-generation-yoga-.jpg\" alt=\"Pic of older generation yoga\" class=\"wp-image-89566\"\/><\/figure>\n\n<h2 class=\"wp-block-heading\"><strong>\u0150si b\u00f6lcsess\u00e9g befogad\u00e1sa a kiegyens\u00falyozott \u00e9let\u00e9rt<\/strong><\/h2>\n\n<p class=\"wp-block-paragraph\">A j\u00f3ga nem csup\u00e1n testmozg\u00e1s \u2013 ez egy <strong>\u00fat a megvil\u00e1gosod\u00e1shoz<\/strong>, amely gy\u00f6ny\u00f6r\u0171en illeszkedik a <strong>p\u00e1lmalev\u00e9l felolvas\u00e1sokb\u00f3l<\/strong> nyert felismer\u00e9sekhez. Ak\u00e1r <strong>gy\u00f3gyulni, fejl\u0151dni vagy \u00e9letc\u00e9lodat szeretn\u00e9d felfedezni<\/strong>, a j\u00f3ga \u00e9s az \u0151si b\u00f6lcsek \u00fatmutat\u00e1s\u00e1nak kombin\u00e1ci\u00f3ja \u00e1tform\u00e1l\u00f3 \u00e9lm\u00e9ny lehet.<\/p>\n\n<p class=\"wp-block-paragraph\">K\u00e9szen \u00e1llsz arra, hogy felt\u00e1rd saj\u00e1t <strong>p\u00e1lmalev\u00e9l felolvas\u00e1sod<\/strong> b\u00f6lcsess\u00e9g\u00e9t, \u00e9s be\u00e9p\u00edtsd a j\u00f3g\u00e1t az \u00e9letedbe? <a href=\"https:\/\/mypalmleaf.com\/\" target=\"_blank\" rel=\"noreferrer noopener\">Kezdd el az utaz\u00e1sod m\u00e9g ma.<\/a><\/p>\n\n<h2 class=\"wp-block-heading\"><strong>Gyakran Ism\u00e9telt K\u00e9rd\u00e9sek (GYIK)<\/strong><\/h2>\n\n<h3 class=\"wp-block-heading\"><strong>1. Seg\u00edthet a j\u00f3ga jobban meg\u00e9rteni a p\u00e1lmalev\u00e9l felolvas\u00e1somat?<\/strong><\/h3>\n\n<p class=\"wp-block-paragraph\">Igen! A j\u00f3ga n\u00f6veli az \u00f6nismeretet, ami seg\u00edt befogadni \u00e9s tettekre v\u00e1ltani a p\u00e1lmalev\u00e9l felolvas\u00e1s sor\u00e1n kapott \u00fatmutat\u00e1st.<\/p>\n\n<h3 class=\"wp-block-heading\"><strong>2. Hogyan kapcsol\u00f3dik a l\u00e9gz\u00e9smunka (Pranayama) a p\u00e1lmalev\u00e9l orvoss\u00e1gokhoz?<\/strong><\/h3>\n\n<p class=\"wp-block-paragraph\">A felolvas\u00e1sokban gyakran aj\u00e1nlanak l\u00e9gz\u00e9smunk\u00e1t az energi\u00e1k kiegyens\u00falyoz\u00e1s\u00e1ra, a karma tiszt\u00edt\u00e1s\u00e1ra \u00e9s a medit\u00e1ci\u00f3s gyakorlatok elm\u00e9ly\u00edt\u00e9s\u00e9re.<\/p>\n\n<h3 class=\"wp-block-heading\"><strong>3. Milyen t\u00edpus\u00fa j\u00f3ga a legjobb a spiritu\u00e1lis fejl\u0151d\u00e9shez?<\/strong><\/h3>\n\n<p class=\"wp-block-paragraph\">B\u00e1r minden j\u00f3gast\u00edlusnak megvannak az el\u0151nyei, a <strong>Raja j\u00f3ga, Bhakti j\u00f3ga \u00e9s Kriya j\u00f3ga<\/strong> k\u00fcl\u00f6n\u00f6sen hat\u00e9kony a bels\u0151 \u00e1talakul\u00e1shoz.<\/p>\n\n<h3 class=\"wp-block-heading\"><strong>4. Kombin\u00e1lhatom a j\u00f3g\u00e1t a felolvas\u00e1somb\u00f3l sz\u00e1rmaz\u00f3 egy\u00e9b spiritu\u00e1lis orvoss\u00e1gokkal?<\/strong><\/h3>\n\n<p class=\"wp-block-paragraph\">Felt\u00e9tlen\u00fcl! A j\u00f3ga kiv\u00e1l\u00f3an kieg\u00e9sz\u00edti a <strong>mantr\u00e1kat, t\u0171zszertart\u00e1sokat \u00e9s b\u00f6jti gyakorlatokat<\/strong>, amelyeket a p\u00e1lmalev\u00e9l orvoss\u00e1gaidban javasolnak.<\/p>\n","protected":false},"excerpt":{"rendered":"<p>A matracon t\u00fal: A j\u00f3ga szerepe az \u00e9letc\u00e9lod meg\u00e9rt\u00e9s\u00e9benFedezd fel a j\u00f3ga t\u00f6rt\u00e9net\u00e9t, n\u00f6vekv\u0151 nyugati hat\u00e1s\u00e1t \u00e9s kapcsolat\u00e1t a p\u00e1lmalev\u00e9l felolvas\u00e1sokkal. Ismerd meg, hogyan tal\u00e1lkozik az \u0151si b\u00f6lcsess\u00e9g a modern gyakorl\u00f3kkal. A j\u00f3ga \u00fatja az \u0151si Indi\u00e1t\u00f3l a nyugati vil\u00e1gig A j\u00f3ga t\u00f6bb mint puszt\u00e1n fizikai testtart\u00e1sok sora; ez egy m\u00e9lyrehat\u00f3 spiritu\u00e1lis tudom\u00e1ny, amelyet \u00e9vezredek [&hellip;]<\/p>\n","protected":false},"author":1,"featured_media":89630,"comment_status":"open","ping_status":"open","sticky":false,"template":"","format":"standard","meta":{"footnotes":""},"categories":[841],"tags":[],"class_list":["post-161580","post","type-post","status-publish","format-standard","has-post-thumbnail","hentry","category-spiritualis-eletmod"],"yoast_head":"<!-- This site is optimized with the Yoast SEO plugin v28.3 - https:\/\/yoast.com\/product\/yoast-seo-wordpress\/ -->\n<title>A j\u00f3gasz\u0151nyegen t\u00fal: A j\u00f3ga szerepe az \u00e9letc\u00e9lod meg\u00e9rt\u00e9s\u00e9ben - Mypalmleaf<\/title>\n<meta name=\"robots\" content=\"index, follow, max-snippet:-1, max-image-preview:large, max-video-preview:-1\" \/>\n<meta property=\"og:locale\" content=\"hu_HU\" \/>\n<meta property=\"og:type\" content=\"article\" \/>\n<meta property=\"og:title\" content=\"A j\u00f3gasz\u0151nyegen t\u00fal: A j\u00f3ga szerepe az \u00e9letc\u00e9lod meg\u00e9rt\u00e9s\u00e9ben - Mypalmleaf\" \/>\n<meta property=\"og:description\" content=\"A matracon t\u00fal: A j\u00f3ga szerepe az \u00e9letc\u00e9lod meg\u00e9rt\u00e9s\u00e9benFedezd fel a j\u00f3ga t\u00f6rt\u00e9net\u00e9t, n\u00f6vekv\u0151 nyugati hat\u00e1s\u00e1t \u00e9s kapcsolat\u00e1t a p\u00e1lmalev\u00e9l felolvas\u00e1sokkal. Ismerd meg, hogyan tal\u00e1lkozik az \u0151si b\u00f6lcsess\u00e9g a modern gyakorl\u00f3kkal. A j\u00f3ga \u00fatja az \u0151si Indi\u00e1t\u00f3l a nyugati vil\u00e1gig A j\u00f3ga t\u00f6bb mint puszt\u00e1n fizikai testtart\u00e1sok sora; ez egy m\u00e9lyrehat\u00f3 spiritu\u00e1lis tudom\u00e1ny, amelyet \u00e9vezredek [&hellip;]\" \/>\n<meta property=\"og:url\" content=\"https:\/\/mypalmleaf.com\/hu\/hu-beyond-the-mat-yogas-role-in-understanding-your-lifes-purpose\/\" \/>\n<meta property=\"og:site_name\" content=\"Mypalmleaf\" \/>\n<meta property=\"article:publisher\" content=\"https:\/\/www.facebook.com\/Mypalmleaf\" \/>\n<meta property=\"article:published_time\" content=\"2025-04-01T18:30:00+00:00\" \/>\n<meta property=\"article:modified_time\" content=\"2026-06-09T18:08:25+00:00\" \/>\n<meta property=\"og:image\" content=\"https:\/\/mypalmleaf.com\/wp-content\/uploads\/2025\/03\/fi46.jpg\" \/>\n\t<meta property=\"og:image:width\" content=\"624\" \/>\n\t<meta property=\"og:image:height\" content=\"346\" \/>\n\t<meta property=\"og:image:type\" content=\"image\/jpeg\" \/>\n<meta name=\"author\" content=\"Mypalmleaf\" \/>\n<meta name=\"twitter:card\" content=\"summary_large_image\" \/>\n<meta name=\"twitter:label1\" content=\"Szerz\u0151:\" \/>\n\t<meta name=\"twitter:data1\" content=\"Mypalmleaf\" \/>\n\t<meta name=\"twitter:label2\" content=\"Becs\u00fclt olvas\u00e1si id\u0151\" \/>\n\t<meta name=\"twitter:data2\" content=\"13 perc\" \/>\n<script type=\"application\/ld+json\" class=\"yoast-schema-graph\">{\"@context\":\"https:\\\/\\\/schema.org\",\"@graph\":[{\"@type\":\"Article\",\"@id\":\"https:\\\/\\\/mypalmleaf.com\\\/hu\\\/hu-beyond-the-mat-yogas-role-in-understanding-your-lifes-purpose\\\/#article\",\"isPartOf\":{\"@id\":\"https:\\\/\\\/mypalmleaf.com\\\/hu\\\/hu-beyond-the-mat-yogas-role-in-understanding-your-lifes-purpose\\\/\"},\"author\":{\"name\":\"Mypalmleaf\",\"@id\":\"https:\\\/\\\/mypalmleaf.com\\\/hu\\\/#\\\/schema\\\/person\\\/865c3c7f353c784015133ed78c84e890\"},\"headline\":\"A j\u00f3gasz\u0151nyegen t\u00fal: A j\u00f3ga szerepe az \u00e9letc\u00e9lod meg\u00e9rt\u00e9s\u00e9ben\",\"datePublished\":\"2025-04-01T18:30:00+00:00\",\"dateModified\":\"2026-06-09T18:08:25+00:00\",\"mainEntityOfPage\":{\"@id\":\"https:\\\/\\\/mypalmleaf.com\\\/hu\\\/hu-beyond-the-mat-yogas-role-in-understanding-your-lifes-purpose\\\/\"},\"wordCount\":2553,\"commentCount\":0,\"publisher\":{\"@id\":\"https:\\\/\\\/mypalmleaf.com\\\/hu\\\/#organization\"},\"image\":{\"@id\":\"https:\\\/\\\/mypalmleaf.com\\\/hu\\\/hu-beyond-the-mat-yogas-role-in-understanding-your-lifes-purpose\\\/#primaryimage\"},\"thumbnailUrl\":\"https:\\\/\\\/mypalmleaf.com\\\/wp-content\\\/uploads\\\/2025\\\/03\\\/fi46.jpg\",\"articleSection\":[\"Spiritu\u00e1lis \u00c9letm\u00f3d\"],\"inLanguage\":\"hu\",\"potentialAction\":[{\"@type\":\"CommentAction\",\"name\":\"Comment\",\"target\":[\"https:\\\/\\\/mypalmleaf.com\\\/hu\\\/hu-beyond-the-mat-yogas-role-in-understanding-your-lifes-purpose\\\/#respond\"]}]},{\"@type\":\"WebPage\",\"@id\":\"https:\\\/\\\/mypalmleaf.com\\\/hu\\\/hu-beyond-the-mat-yogas-role-in-understanding-your-lifes-purpose\\\/\",\"url\":\"https:\\\/\\\/mypalmleaf.com\\\/hu\\\/hu-beyond-the-mat-yogas-role-in-understanding-your-lifes-purpose\\\/\",\"name\":\"A j\u00f3gasz\u0151nyegen t\u00fal: A j\u00f3ga szerepe az \u00e9letc\u00e9lod meg\u00e9rt\u00e9s\u00e9ben - Mypalmleaf\",\"isPartOf\":{\"@id\":\"https:\\\/\\\/mypalmleaf.com\\\/hu\\\/#website\"},\"primaryImageOfPage\":{\"@id\":\"https:\\\/\\\/mypalmleaf.com\\\/hu\\\/hu-beyond-the-mat-yogas-role-in-understanding-your-lifes-purpose\\\/#primaryimage\"},\"image\":{\"@id\":\"https:\\\/\\\/mypalmleaf.com\\\/hu\\\/hu-beyond-the-mat-yogas-role-in-understanding-your-lifes-purpose\\\/#primaryimage\"},\"thumbnailUrl\":\"https:\\\/\\\/mypalmleaf.com\\\/wp-content\\\/uploads\\\/2025\\\/03\\\/fi46.jpg\",\"datePublished\":\"2025-04-01T18:30:00+00:00\",\"dateModified\":\"2026-06-09T18:08:25+00:00\",\"breadcrumb\":{\"@id\":\"https:\\\/\\\/mypalmleaf.com\\\/hu\\\/hu-beyond-the-mat-yogas-role-in-understanding-your-lifes-purpose\\\/#breadcrumb\"},\"inLanguage\":\"hu\",\"potentialAction\":[{\"@type\":\"ReadAction\",\"target\":[\"https:\\\/\\\/mypalmleaf.com\\\/hu\\\/hu-beyond-the-mat-yogas-role-in-understanding-your-lifes-purpose\\\/\"]}]},{\"@type\":\"ImageObject\",\"inLanguage\":\"hu\",\"@id\":\"https:\\\/\\\/mypalmleaf.com\\\/hu\\\/hu-beyond-the-mat-yogas-role-in-understanding-your-lifes-purpose\\\/#primaryimage\",\"url\":\"https:\\\/\\\/mypalmleaf.com\\\/wp-content\\\/uploads\\\/2025\\\/03\\\/fi46.jpg\",\"contentUrl\":\"https:\\\/\\\/mypalmleaf.com\\\/wp-content\\\/uploads\\\/2025\\\/03\\\/fi46.jpg\",\"width\":624,\"height\":346,\"caption\":\"Yoga Pose\"},{\"@type\":\"BreadcrumbList\",\"@id\":\"https:\\\/\\\/mypalmleaf.com\\\/hu\\\/hu-beyond-the-mat-yogas-role-in-understanding-your-lifes-purpose\\\/#breadcrumb\",\"itemListElement\":[{\"@type\":\"ListItem\",\"position\":1,\"name\":\"Home\",\"item\":\"https:\\\/\\\/mypalmleaf.com\\\/hu\\\/\"},{\"@type\":\"ListItem\",\"position\":2,\"name\":\"A j\u00f3gasz\u0151nyegen t\u00fal: A j\u00f3ga szerepe az \u00e9letc\u00e9lod meg\u00e9rt\u00e9s\u00e9ben\"}]},{\"@type\":\"WebSite\",\"@id\":\"https:\\\/\\\/mypalmleaf.com\\\/hu\\\/#website\",\"url\":\"https:\\\/\\\/mypalmleaf.com\\\/hu\\\/\",\"name\":\"Mypalmleaf\",\"description\":\"\",\"publisher\":{\"@id\":\"https:\\\/\\\/mypalmleaf.com\\\/hu\\\/#organization\"},\"potentialAction\":[{\"@type\":\"SearchAction\",\"target\":{\"@type\":\"EntryPoint\",\"urlTemplate\":\"https:\\\/\\\/mypalmleaf.com\\\/hu\\\/?s={search_term_string}\"},\"query-input\":{\"@type\":\"PropertyValueSpecification\",\"valueRequired\":true,\"valueName\":\"search_term_string\"}}],\"inLanguage\":\"hu\"},{\"@type\":\"Organization\",\"@id\":\"https:\\\/\\\/mypalmleaf.com\\\/hu\\\/#organization\",\"name\":\"Mypalmleaf\",\"url\":\"https:\\\/\\\/mypalmleaf.com\\\/hu\\\/\",\"logo\":{\"@type\":\"ImageObject\",\"inLanguage\":\"hu\",\"@id\":\"https:\\\/\\\/mypalmleaf.com\\\/hu\\\/#\\\/schema\\\/logo\\\/image\\\/\",\"url\":\"https:\\\/\\\/mypalmleaf.com\\\/wp-content\\\/uploads\\\/2026\\\/04\\\/logo-2-2.webp\",\"contentUrl\":\"https:\\\/\\\/mypalmleaf.com\\\/wp-content\\\/uploads\\\/2026\\\/04\\\/logo-2-2.webp\",\"width\":800,\"height\":149,\"caption\":\"Mypalmleaf\"},\"image\":{\"@id\":\"https:\\\/\\\/mypalmleaf.com\\\/hu\\\/#\\\/schema\\\/logo\\\/image\\\/\"},\"sameAs\":[\"https:\\\/\\\/www.youtube.com\\\/@mypalmleaf2856\",\"https:\\\/\\\/www.instagram.com\\\/mypalmleaf\\\/\",\"https:\\\/\\\/www.facebook.com\\\/mypalmleaf\\\/\"],\"founder\":{\"@id\":\"https:\\\/\\\/mypalmleaf.com\\\/#founder\"},\"legalName\":\"Conscious Innovation Lab O\u00dc\",\"foundingDate\":\"2020\",\"vatID\":\"EE102459135\",\"taxID\":\"14825448\",\"address\":{\"@type\":\"PostalAddress\",\"streetAddress\":\"T\u00f6\u00f6stuse tn 48\",\"postalCode\":\"10416\",\"addressLocality\":\"Tallinn\",\"addressCountry\":\"EE\"},\"contactPoint\":{\"@type\":\"ContactPoint\",\"contactType\":\"customer support\",\"email\":\"info@mypalmleaf.com\",\"availableLanguage\":\"en\"}},{\"@type\":\"Person\",\"@id\":\"https:\\\/\\\/mypalmleaf.com\\\/hu\\\/#\\\/schema\\\/person\\\/865c3c7f353c784015133ed78c84e890\",\"name\":\"Mypalmleaf\",\"image\":{\"@type\":\"ImageObject\",\"inLanguage\":\"hu\",\"@id\":\"https:\\\/\\\/secure.gravatar.com\\\/avatar\\\/acd08137950a379405b13aa064d50d02667b98aac36c8f6f26d32316dcafcb11?s=96&d=mm&r=g\",\"url\":\"https:\\\/\\\/secure.gravatar.com\\\/avatar\\\/acd08137950a379405b13aa064d50d02667b98aac36c8f6f26d32316dcafcb11?s=96&d=mm&r=g\",\"contentUrl\":\"https:\\\/\\\/secure.gravatar.com\\\/avatar\\\/acd08137950a379405b13aa064d50d02667b98aac36c8f6f26d32316dcafcb11?s=96&d=mm&r=g\",\"caption\":\"Mypalmleaf\"},\"sameAs\":[\"https:\\\/\\\/mypalmleaf.com\"],\"url\":\"https:\\\/\\\/mypalmleaf.com\\\/hu\\\/author\\\/mpl\\\/\"},{\"@type\":\"Person\",\"@id\":\"https:\\\/\\\/mypalmleaf.com\\\/#founder\",\"name\":\"Stephan Oesterreicher\",\"jobTitle\":\"Founder\",\"worksFor\":{\"@id\":\"https:\\\/\\\/mypalmleaf.com\\\/#organization\"},\"url\":\"https:\\\/\\\/mypalmleaf.com\\\/the-story-of-mypalmleaf\\\/\"}]}<\/script>\n<!-- \/ Yoast SEO plugin. -->","yoast_head_json":{"title":"A j\u00f3gasz\u0151nyegen t\u00fal: A j\u00f3ga szerepe az \u00e9letc\u00e9lod meg\u00e9rt\u00e9s\u00e9ben - Mypalmleaf","robots":{"index":"index","follow":"follow","max-snippet":"max-snippet:-1","max-image-preview":"max-image-preview:large","max-video-preview":"max-video-preview:-1"},"og_locale":"hu_HU","og_type":"article","og_title":"A j\u00f3gasz\u0151nyegen t\u00fal: A j\u00f3ga szerepe az \u00e9letc\u00e9lod meg\u00e9rt\u00e9s\u00e9ben - Mypalmleaf","og_description":"A matracon t\u00fal: A j\u00f3ga szerepe az \u00e9letc\u00e9lod meg\u00e9rt\u00e9s\u00e9benFedezd fel a j\u00f3ga t\u00f6rt\u00e9net\u00e9t, n\u00f6vekv\u0151 nyugati hat\u00e1s\u00e1t \u00e9s kapcsolat\u00e1t a p\u00e1lmalev\u00e9l felolvas\u00e1sokkal. Ismerd meg, hogyan tal\u00e1lkozik az \u0151si b\u00f6lcsess\u00e9g a modern gyakorl\u00f3kkal. A j\u00f3ga \u00fatja az \u0151si Indi\u00e1t\u00f3l a nyugati vil\u00e1gig A j\u00f3ga t\u00f6bb mint puszt\u00e1n fizikai testtart\u00e1sok sora; ez egy m\u00e9lyrehat\u00f3 spiritu\u00e1lis tudom\u00e1ny, amelyet \u00e9vezredek [&hellip;]","og_url":"https:\/\/mypalmleaf.com\/hu\/hu-beyond-the-mat-yogas-role-in-understanding-your-lifes-purpose\/","og_site_name":"Mypalmleaf","article_publisher":"https:\/\/www.facebook.com\/Mypalmleaf","article_published_time":"2025-04-01T18:30:00+00:00","article_modified_time":"2026-06-09T18:08:25+00:00","og_image":[{"width":624,"height":346,"url":"https:\/\/mypalmleaf.com\/wp-content\/uploads\/2025\/03\/fi46.jpg","type":"image\/jpeg"}],"author":"Mypalmleaf","twitter_card":"summary_large_image","twitter_misc":{"Szerz\u0151:":"Mypalmleaf","Becs\u00fclt olvas\u00e1si id\u0151":"13 perc"},"schema":{"@context":"https:\/\/schema.org","@graph":[{"@type":"Article","@id":"https:\/\/mypalmleaf.com\/hu\/hu-beyond-the-mat-yogas-role-in-understanding-your-lifes-purpose\/#article","isPartOf":{"@id":"https:\/\/mypalmleaf.com\/hu\/hu-beyond-the-mat-yogas-role-in-understanding-your-lifes-purpose\/"},"author":{"name":"Mypalmleaf","@id":"https:\/\/mypalmleaf.com\/hu\/#\/schema\/person\/865c3c7f353c784015133ed78c84e890"},"headline":"A j\u00f3gasz\u0151nyegen t\u00fal: A j\u00f3ga szerepe az \u00e9letc\u00e9lod meg\u00e9rt\u00e9s\u00e9ben","datePublished":"2025-04-01T18:30:00+00:00","dateModified":"2026-06-09T18:08:25+00:00","mainEntityOfPage":{"@id":"https:\/\/mypalmleaf.com\/hu\/hu-beyond-the-mat-yogas-role-in-understanding-your-lifes-purpose\/"},"wordCount":2553,"commentCount":0,"publisher":{"@id":"https:\/\/mypalmleaf.com\/hu\/#organization"},"image":{"@id":"https:\/\/mypalmleaf.com\/hu\/hu-beyond-the-mat-yogas-role-in-understanding-your-lifes-purpose\/#primaryimage"},"thumbnailUrl":"https:\/\/mypalmleaf.com\/wp-content\/uploads\/2025\/03\/fi46.jpg","articleSection":["Spiritu\u00e1lis \u00c9letm\u00f3d"],"inLanguage":"hu","potentialAction":[{"@type":"CommentAction","name":"Comment","target":["https:\/\/mypalmleaf.com\/hu\/hu-beyond-the-mat-yogas-role-in-understanding-your-lifes-purpose\/#respond"]}]},{"@type":"WebPage","@id":"https:\/\/mypalmleaf.com\/hu\/hu-beyond-the-mat-yogas-role-in-understanding-your-lifes-purpose\/","url":"https:\/\/mypalmleaf.com\/hu\/hu-beyond-the-mat-yogas-role-in-understanding-your-lifes-purpose\/","name":"A j\u00f3gasz\u0151nyegen t\u00fal: A j\u00f3ga szerepe az \u00e9letc\u00e9lod meg\u00e9rt\u00e9s\u00e9ben - Mypalmleaf","isPartOf":{"@id":"https:\/\/mypalmleaf.com\/hu\/#website"},"primaryImageOfPage":{"@id":"https:\/\/mypalmleaf.com\/hu\/hu-beyond-the-mat-yogas-role-in-understanding-your-lifes-purpose\/#primaryimage"},"image":{"@id":"https:\/\/mypalmleaf.com\/hu\/hu-beyond-the-mat-yogas-role-in-understanding-your-lifes-purpose\/#primaryimage"},"thumbnailUrl":"https:\/\/mypalmleaf.com\/wp-content\/uploads\/2025\/03\/fi46.jpg","datePublished":"2025-04-01T18:30:00+00:00","dateModified":"2026-06-09T18:08:25+00:00","breadcrumb":{"@id":"https:\/\/mypalmleaf.com\/hu\/hu-beyond-the-mat-yogas-role-in-understanding-your-lifes-purpose\/#breadcrumb"},"inLanguage":"hu","potentialAction":[{"@type":"ReadAction","target":["https:\/\/mypalmleaf.com\/hu\/hu-beyond-the-mat-yogas-role-in-understanding-your-lifes-purpose\/"]}]},{"@type":"ImageObject","inLanguage":"hu","@id":"https:\/\/mypalmleaf.com\/hu\/hu-beyond-the-mat-yogas-role-in-understanding-your-lifes-purpose\/#primaryimage","url":"https:\/\/mypalmleaf.com\/wp-content\/uploads\/2025\/03\/fi46.jpg","contentUrl":"https:\/\/mypalmleaf.com\/wp-content\/uploads\/2025\/03\/fi46.jpg","width":624,"height":346,"caption":"Yoga Pose"},{"@type":"BreadcrumbList","@id":"https:\/\/mypalmleaf.com\/hu\/hu-beyond-the-mat-yogas-role-in-understanding-your-lifes-purpose\/#breadcrumb","itemListElement":[{"@type":"ListItem","position":1,"name":"Home","item":"https:\/\/mypalmleaf.com\/hu\/"},{"@type":"ListItem","position":2,"name":"A j\u00f3gasz\u0151nyegen t\u00fal: A j\u00f3ga szerepe az \u00e9letc\u00e9lod meg\u00e9rt\u00e9s\u00e9ben"}]},{"@type":"WebSite","@id":"https:\/\/mypalmleaf.com\/hu\/#website","url":"https:\/\/mypalmleaf.com\/hu\/","name":"Mypalmleaf","description":"","publisher":{"@id":"https:\/\/mypalmleaf.com\/hu\/#organization"},"potentialAction":[{"@type":"SearchAction","target":{"@type":"EntryPoint","urlTemplate":"https:\/\/mypalmleaf.com\/hu\/?s={search_term_string}"},"query-input":{"@type":"PropertyValueSpecification","valueRequired":true,"valueName":"search_term_string"}}],"inLanguage":"hu"},{"@type":"Organization","@id":"https:\/\/mypalmleaf.com\/hu\/#organization","name":"Mypalmleaf","url":"https:\/\/mypalmleaf.com\/hu\/","logo":{"@type":"ImageObject","inLanguage":"hu","@id":"https:\/\/mypalmleaf.com\/hu\/#\/schema\/logo\/image\/","url":"https:\/\/mypalmleaf.com\/wp-content\/uploads\/2026\/04\/logo-2-2.webp","contentUrl":"https:\/\/mypalmleaf.com\/wp-content\/uploads\/2026\/04\/logo-2-2.webp","width":800,"height":149,"caption":"Mypalmleaf"},"image":{"@id":"https:\/\/mypalmleaf.com\/hu\/#\/schema\/logo\/image\/"},"sameAs":["https:\/\/www.youtube.com\/@mypalmleaf2856","https:\/\/www.instagram.com\/mypalmleaf\/","https:\/\/www.facebook.com\/mypalmleaf\/"],"founder":{"@id":"https:\/\/mypalmleaf.com\/#founder"},"legalName":"Conscious Innovation Lab O\u00dc","foundingDate":"2020","vatID":"EE102459135","taxID":"14825448","address":{"@type":"PostalAddress","streetAddress":"T\u00f6\u00f6stuse tn 48","postalCode":"10416","addressLocality":"Tallinn","addressCountry":"EE"},"contactPoint":{"@type":"ContactPoint","contactType":"customer support","email":"info@mypalmleaf.com","availableLanguage":"en"}},{"@type":"Person","@id":"https:\/\/mypalmleaf.com\/hu\/#\/schema\/person\/865c3c7f353c784015133ed78c84e890","name":"Mypalmleaf","image":{"@type":"ImageObject","inLanguage":"hu","@id":"https:\/\/secure.gravatar.com\/avatar\/acd08137950a379405b13aa064d50d02667b98aac36c8f6f26d32316dcafcb11?s=96&d=mm&r=g","url":"https:\/\/secure.gravatar.com\/avatar\/acd08137950a379405b13aa064d50d02667b98aac36c8f6f26d32316dcafcb11?s=96&d=mm&r=g","contentUrl":"https:\/\/secure.gravatar.com\/avatar\/acd08137950a379405b13aa064d50d02667b98aac36c8f6f26d32316dcafcb11?s=96&d=mm&r=g","caption":"Mypalmleaf"},"sameAs":["https:\/\/mypalmleaf.com"],"url":"https:\/\/mypalmleaf.com\/hu\/author\/mpl\/"},{"@type":"Person","@id":"https:\/\/mypalmleaf.com\/#founder","name":"Stephan Oesterreicher","jobTitle":"Founder","worksFor":{"@id":"https:\/\/mypalmleaf.com\/#organization"},"url":"https:\/\/mypalmleaf.com\/the-story-of-mypalmleaf\/"}]}},"_links":{"self":[{"href":"https:\/\/mypalmleaf.com\/hu\/wp-json\/wp\/v2\/posts\/161580","targetHints":{"allow":["GET"]}}],"collection":[{"href":"https:\/\/mypalmleaf.com\/hu\/wp-json\/wp\/v2\/posts"}],"about":[{"href":"https:\/\/mypalmleaf.com\/hu\/wp-json\/wp\/v2\/types\/post"}],"author":[{"embeddable":true,"href":"https:\/\/mypalmleaf.com\/hu\/wp-json\/wp\/v2\/users\/1"}],"replies":[{"embeddable":true,"href":"https:\/\/mypalmleaf.com\/hu\/wp-json\/wp\/v2\/comments?post=161580"}],"version-history":[{"count":1,"href":"https:\/\/mypalmleaf.com\/hu\/wp-json\/wp\/v2\/posts\/161580\/revisions"}],"predecessor-version":[{"id":175132,"href":"https:\/\/mypalmleaf.com\/hu\/wp-json\/wp\/v2\/posts\/161580\/revisions\/175132"}],"wp:featuredmedia":[{"embeddable":true,"href":"https:\/\/mypalmleaf.com\/hu\/wp-json\/wp\/v2\/media\/89630"}],"wp:attachment":[{"href":"https:\/\/mypalmleaf.com\/hu\/wp-json\/wp\/v2\/media?parent=161580"}],"wp:term":[{"taxonomy":"category","embeddable":true,"href":"https:\/\/mypalmleaf.com\/hu\/wp-json\/wp\/v2\/categories?post=161580"},{"taxonomy":"post_tag","embeddable":true,"href":"https:\/\/mypalmleaf.com\/hu\/wp-json\/wp\/v2\/tags?post=161580"}],"curies":[{"name":"wp","href":"https:\/\/api.w.org\/{rel}","templated":true}]}}