{"id":161790,"date":"2025-04-27T00:00:00","date_gmt":"2025-04-26T18:30:00","guid":{"rendered":""},"modified":"2026-06-09T23:39:22","modified_gmt":"2026-06-09T18:09:22","slug":"hu-forest-bathing-the-science-behind-natures-healing-effect-on-mind-and-body","status":"publish","type":"post","link":"https:\/\/mypalmleaf.com\/hu\/hu-forest-bathing-the-science-behind-natures-healing-effect-on-mind-and-body\/","title":{"rendered":"Erdei F\u00fcrd\u0151z\u00e9s: A Term\u00e9szet Gy\u00f3gy\u00edt\u00f3 Hat\u00e1s\u00e1nak Tudom\u00e1nya a Testre \u00e9s L\u00e9lekre"},"content":{"rendered":"\n<h1 class=\"wp-block-heading\"><strong>Erd\u0151f\u00fcrd\u0151z\u00e9s: A term\u00e9szet testre \u00e9s l\u00e9lekre gyakorolt gy\u00f3gy\u00edt\u00f3 hat\u00e1s\u00e1nak tudom\u00e1nyos h\u00e1ttere<\/strong><\/h1>\n\n<p class=\"wp-block-paragraph\">A mai digit\u00e1lis vil\u00e1gban egy \u0151si gyakorlat \u00e9li renesz\u00e1nsz\u00e1t: az erd\u0151f\u00fcrd\u0151z\u00e9s, avagy ahogy a jap\u00e1n hagyom\u00e1ny nevezi, a \u201eshinrin-yoku\u201d. Ez a tudatos elmer\u00fcl\u00e9s a term\u00e9szetben figyelemre m\u00e9lt\u00f3 gy\u00f3gy\u00edt\u00f3 el\u0151ny\u00f6kkel j\u00e1r, amelyek kieg\u00e9sz\u00edtik az al\u00e1bbiakban meg\u0151rz\u00f6tt \u0151si b\u00f6lcsess\u00e9get: <a href=\"https:\/\/mypalmleaf.com\/palm-leaf-readings\/\" target=\"_blank\" rel=\"noreferrer noopener\">p\u00e1lmalev\u00e9l-felolvas\u00e1sok<\/a>. Az erd\u0151ter\u00e1pia \u00e9s a hagyom\u00e1nyos p\u00e1lmalev\u00e9l-gyakorlatok k\u00f6z\u00f6tti er\u0151teljes kapcsolat leny\u0171g\u00f6z\u0151 hidat k\u00e9pez a term\u00e9szet gy\u00f3gy\u00edt\u00f3 ereje \u00e9s az id\u0151tlen tud\u00e1s k\u00f6z\u00f6tt.<\/p>\n\n<h2 class=\"wp-block-heading\"><strong>A term\u00e9szet \u00fatja az elm\u00e9ly\u00fcltebb p\u00e1lmalev\u00e9l-felismer\u00e9sekhez<\/strong><\/h2>\n\n<p class=\"wp-block-paragraph\">Az \u0151si Rishik, akik a p\u00e1lmaleveleken meg\u0151rz\u00f6tt \u2013 ma <a href=\"https:\/\/mypalmleaf.com\/palm-leaf-readings\/\" target=\"_blank\" rel=\"noreferrer noopener\">Nadi felolvas\u00e1sok<\/a> form\u00e1j\u00e1ban el\u00e9rhet\u0151 \u2013 felolvas\u00e1sokat megalkott\u00e1k, k\u00f6zel \u00e9ltek a term\u00e9szethez. B\u00e1r nem tudhatjuk biztosan, mi\u00e9rt \u00e9ppen a p\u00e1lmaleveleket v\u00e1lasztott\u00e1k, \u00e9rdekes, hogy ezek a b\u00f6lcsek, akik sok id\u0151t t\u00f6lt\u00f6ttek erd\u0151kben, term\u00e9szetes anyagokat v\u00e1lasztottak szent b\u00f6lcsess\u00e9g\u00fck r\u00f6gz\u00edt\u00e9s\u00e9re. A p\u00e1lmalev\u00e9l-k\u00e9ziratok hagyom\u00e1ny\u00e1nak praktikus el\u0151nyei is voltak \u2013 a levelek tart\u00f3sak voltak, \u00e9s kiv\u00e1l\u00f3an alkalmasak az \u00edr\u00e1sra \u2013, de tal\u00e1n a b\u00f6lcsek m\u00e9lyebb kapcsolatot is \u00e9reztek a term\u00e9szetes anyagokkal.<\/p>\n\n<p class=\"wp-block-paragraph\">Az \u0151si sz\u00f6vegek szerint a Rishik gyakran meghat\u00e1rozott \u00e9vszakokban gy\u0171jt\u00f6tt\u00e9k a p\u00e1lmaleveleket, amikor azok optim\u00e1lis energi\u00e1t hordoztak. Ezut\u00e1n term\u00e9szetes elemekkel \u2013 napf\u00e9nnyel, homokkal \u00e9s gy\u00f3gyn\u00f6v\u00e9nyes k\u00e9sz\u00edtm\u00e9nyekkel \u2013 kezelt\u00e9k \u0151ket, hogy \u00e9vsz\u00e1zadokig fennmarad\u00f3 k\u00e9ziratokat hozzanak l\u00e9tre. Ez a term\u00e9szetes anyagokhoz f\u0171z\u0151d\u0151 viszony olyan vil\u00e1gk\u00e9pet t\u00fckr\u00f6z\u00f6tt, amelyben a term\u00e9szet minden eleme energetikai tulajdons\u00e1gokat hordozott, ami feler\u0151s\u00edthette a feljegyzett b\u00f6lcsess\u00e9get.<\/p>\n\n<h2 class=\"wp-block-heading\"><strong>Biofil el\u0151ny\u00f6k: Hogyan gy\u00f3gy\u00edtja a term\u00e9szet az emberi szervezetet<\/strong><\/h2>\n\n<p class=\"wp-block-paragraph\">A modern kutat\u00e1sok a spiritu\u00e1lis gyakorlatb\u00f3l m\u00e9rhet\u0151 el\u0151ny\u00f6kkel b\u00edr\u00f3, bizony\u00edtott ter\u00e1pi\u00e1v\u00e1 emelt\u00e9k az erd\u0151f\u00fcrd\u0151z\u00e9st:<\/p>\n\n<p class=\"wp-block-paragraph\"><strong>A f\u00e1k vegy\u00fcletei seg\u00edtenek nek\u00fcnk:<\/strong> A f\u00e1k fitoncidoknak nevezett, kellemes illat\u00fa vegy\u00fcleteket bocs\u00e1tanak ki, amelyek bel\u00e9legezve cs\u00f6kkentik a v\u00e9rnyom\u00e1st, m\u00e9rs\u00e9klik a stresszhormonok szintj\u00e9t, \u00e9s aktiv\u00e1lj\u00e1k a relax\u00e1ci\u00f3s reakci\u00f3t. <a href=\"https:\/\/www.ncbi.nlm.nih.gov\/pmc\/articles\/PMC2793341\/\" target=\"_blank\" rel=\"noreferrer noopener\">Dr. Qing Li, a Nippon Orvosi Egyetem kutat\u00f3ja meg\u00e1llap\u00edtotta,<\/a> hogy ezek a hat\u00e1sok ak\u00e1r 30 napig is tarthatnak \u2013 hasonl\u00f3an ahhoz, ahogyan az el\u0151z\u0151 \u00e9letekb\u0151l sz\u00e1rmaz\u00f3 inform\u00e1ci\u00f3k felismer\u00e9sei is folyamatosan bontakoznak ki az id\u0151 m\u00fal\u00e1s\u00e1val.<\/p>\n\n<p class=\"wp-block-paragraph\">A f\u00e1k \u00e1ltal kibocs\u00e1tott fitoncidok eredetileg a f\u00e1k term\u00e9szetes v\u00e9delmi rendszerek\u00e9nt fejl\u0151dtek ki a rovarok \u00e9s bakt\u00e9riumok ellen. Amikor az ember bel\u00e9legzi ezeket a vegy\u00fcleteket, a szervezet\u00fcnk figyelemre m\u00e9lt\u00f3 m\u00f3don reag\u00e1l. A v\u00e9rnyom\u00e1s jellemz\u0151en 5-7 ponttal cs\u00f6kken mind\u00f6ssze 30 perc erd\u0151ben tart\u00f3zkod\u00e1s ut\u00e1n. A kortizol, az els\u0151dleges stresszhormonunk szintje pedig ak\u00e1r 12,4%-kal is m\u00e9rs\u00e9kl\u0151dik a v\u00e1rosi k\u00f6rnyezetben t\u00f6lt\u00f6tt hasonl\u00f3 id\u0151h\u00f6z k\u00e9pest.<\/p>\n\n<h2 class=\"wp-block-heading\"><strong>Kognit\u00edv fejl\u0151d\u00e9s az \u00f6koter\u00e1pia r\u00e9v\u00e9n<\/strong><\/h2>\n\n<p class=\"wp-block-paragraph\"><strong>Az agyra gyakorolt el\u0151ny\u00f6k:<\/strong> A term\u00e9szet lehet\u0151s\u00e9get ad a figyelmi rendszer\u00fcnknek a pihen\u00e9sre. A v\u00e1rosi k\u00f6rnyezet arra k\u00e9nyszer\u00edti az agyunkat, hogy folyamatosan sz\u0171rje az ingereket, ami a tud\u00f3sok \u00e1ltal \u201eir\u00e1ny\u00edtott figyelem f\u00e1radts\u00e1g\u00e1nak\u201d nevezett \u00e1llapotot id\u00e9zi el\u0151. A term\u00e9szet ezzel szemben \u201el\u00e1gy elb\u0171v\u00f6l\u00e9st\u201d ny\u00fajt, amely lehet\u0151v\u00e9 teszi a ment\u00e1lis regener\u00e1ci\u00f3t.<\/p>\n\n<p class=\"wp-block-paragraph\">A kutat\u00e1sok szerint mind\u00f6ssze 20 perc a term\u00e9szetben ak\u00e1r 20%-kal jav\u00edtja a f\u00f3kuszt \u00e9s k\u00f6zel 50%-kal a probl\u00e9mamegold\u00f3 k\u00e9pess\u00e9get \u2013 olyan ment\u00e1lis tisztas\u00e1got adva, amilyet az emberek az asztrol\u00f3giai \u00fatmutat\u00e1sban is keresnek. Az agyi k\u00e9palkot\u00f3 vizsg\u00e1latok az emp\u00e1ti\u00e1val \u00e9s az \u00e9rzelmi szab\u00e1lyoz\u00e1ssal kapcsolatos ter\u00fcletek fokozott aktivit\u00e1s\u00e1t mutatj\u00e1k az erd\u0151ben t\u00f6lt\u00f6tt id\u0151 ut\u00e1n, ami arra utal, hogy a term\u00e9szet seg\u00edt \u00f6sszehangolni a logikus \u00e9s az intuit\u00edv gondolkod\u00e1st.<\/p>\n\n<p class=\"wp-block-paragraph\"><strong>Immuner\u0151s\u00edt\u00e9s:<\/strong> Egy meghat\u00e1roz\u00f3 tanulm\u00e1ny kimutatta, hogy h\u00e1rom nap erd\u0151ben tart\u00f3zkod\u00e1s ut\u00e1n a r\u00e9sztvev\u0151k term\u00e9szetes \u00f6l\u0151sejtjeinek (amelyek a r\u00e1kos sejtek ellen k\u00fczdenek) sz\u00e1ma 56%-kal n\u0151tt, \u00e9s a j\u00f3t\u00e9kony hat\u00e1s t\u00f6bb mint egy h\u00f3napig fennmaradt. Ez t\u00f6k\u00e9letesen illeszkedik a holisztikus wellness-gyakorlatokban tal\u00e1lhat\u00f3 teljes testes megk\u00f6zel\u00edt\u00e9shez.<\/p>\n\n<figure class=\"wp-block-image size-large\"><img decoding=\"async\" src=\"\/wp-content\/uploads\/2025\/04\/Rishis-in-Forest.png\" alt=\"Rishis in Forest\"\/><\/figure>\n\n<h2 class=\"wp-block-heading\"><strong>\u0150si b\u00f6lcsek: Az els\u0151 erd\u0151f\u00fcrd\u0151z\u0151k<\/strong><\/h2>\n\n<p class=\"wp-block-paragraph\">A sorsfelolvas\u00e1sokban tal\u00e1lhat\u00f3 j\u00f3slatokat megalkot\u00f3 Rishik nem csup\u00e1n alkalmi kapcsolatban \u00e1lltak a term\u00e9szettel \u2013 elk\u00f6telezett tan\u00edtv\u00e1nyai voltak. Olyasmit gyakoroltak, amit \u201eextr\u00e9m erd\u0151f\u00fcrd\u0151z\u00e9snek\u201d is nevezhetn\u00e9nk: gyakran \u00e9vtizedeken \u00e1t erdei ashramokban \u00e9ltek, ahol r\u00e1hangol\u00f3dtak a term\u00e9szet ritmus\u00e1ra. Ez az erdei \u00e9let nemcsak rendk\u00edv\u00fcli eg\u00e9szs\u00e9get biztos\u00edtott sz\u00e1mukra, hanem megnyitotta intuit\u00edv csatorn\u00e1ikat is, hozz\u00e1f\u00e9r\u00e9st engedve az \u00e1ltaluk feljegyzett kozmikus inform\u00e1ci\u00f3khoz.<\/p>\n\n<p class=\"wp-block-paragraph\">Az \u0151si sz\u00f6vegek le\u00edrj\u00e1k, hogyan k\u00f6vettek ezek a Rishik a term\u00e9szeti ciklusokhoz kapcsol\u00f3d\u00f3 saj\u00e1tos napirendet. Napfelkelte el\u0151tt keltek, hogy a nap felbukkan\u00e1sakor medit\u00e1ljanak, felismerve, hogy ez az \u00e1tmeneti id\u0151szak fokozott \u00e9rz\u00e9kenys\u00e9get biztos\u00edt a finom energi\u00e1kra. \u00c9trendj\u00fck els\u0151sorban erdei \u00e9telekb\u0151l \u00e1llt, amelyeket a n\u00f6v\u00e9nyek gy\u00f3gyhat\u00e1s\u00e1nak<\/p>\n\n<p class=\"wp-block-paragraph\">tisztelet\u00e9vel \u00e9s tudatoss\u00e1g\u00e1val gy\u0171jt\u00f6ttek. M\u00e9g alv\u00e1si szok\u00e1saik is a term\u00e9szetes f\u00e9nyciklusokat k\u00f6vett\u00e9k, medit\u00e1ci\u00f3s gyakorlataikat pedig meghat\u00e1rozott bolyg\u00f3mozg\u00e1sokhoz igaz\u00edtott\u00e1k.<\/p>\n\n<h2 class=\"wp-block-heading\"><strong>Term\u00e9szetj\u00e1r\u00e1s a p\u00e1lmalev\u00e9l-felolvas\u00e1sokban<\/strong><\/h2>\n\n<p class=\"wp-block-paragraph\">\u00c9rdekes m\u00f3don a p\u00e1lmalev\u00e9l-felolvas\u00e1sok gyakran javasolnak <a href=\"https:\/\/mypalmleaf.com\/remedies\/\" target=\"_blank\" rel=\"noreferrer noopener\">term\u00e9szetj\u00e1r\u00e1st orvoss\u00e1gk\u00e9nt<\/a>. Ezek nem csup\u00e1n \u00e1ltal\u00e1nos javaslatok \u2013 konkr\u00e9t energetikai el\u0151\u00edr\u00e1sok, amelyek azon az \u0151si felismer\u00e9sen alapulnak, hogy a term\u00e9szet hogyan \u00e1ll\u00edtja vissza az energi\u00e1nkat. A Rishik tudt\u00e1k, hogy az erd\u0151ben t\u00f6lt\u00f6tt id\u0151 k\u00e9pes feloldani a karmikus blokkokat, helyre\u00e1ll\u00edtani a modern \u00e9let \u00e1ltal megzavart energiamez\u0151ket, fokozni a kozmikus \u00fatmutat\u00e1sra val\u00f3 fog\u00e9konys\u00e1got, \u00e9s elcsendes\u00edteni a ment\u00e1lis zajt.<\/p>\n\n<figure class=\"wp-block-image size-large\"><img decoding=\"async\" src=\"\/wp-content\/uploads\/2025\/04\/couple-meditating-in-nature-scaled-1.jpg\" alt=\"couple meditating in nature\"\/><\/figure>\n\n<h2 class=\"wp-block-heading\"><strong>Egyszer\u0171 term\u00e9szetk\u00f6zeli tev\u00e9kenys\u00e9gek a p\u00e1lmalev\u00e9l-felolvas\u00e1sok \u00e9lm\u00e9ny\u00e9nek elm\u00e9ly\u00edt\u00e9s\u00e9re<\/strong><\/h2>\n\n<p class=\"wp-block-paragraph\">Ak\u00e1r a felolvas\u00e1sra k\u00e9sz\u00fclsz fel, ak\u00e1r a kapott felismer\u00e9seket dolgozod fel ut\u00e1na, ezek az egyszer\u0171 erd\u0151f\u00fcrd\u0151z\u00e9si gyakorlatok elm\u00e9ly\u00edthetik az \u00e9lm\u00e9nyt:<\/p>\n\n<h3 class=\"wp-block-heading\"><strong>A felolvas\u00e1s el\u0151tt:<\/strong><\/h3>\n\n<ul class=\"wp-block-list\">\n<li>\u00dclj csendben a f\u00e1k k\u00f6z\u00f6tt vagy a term\u00e9szetben 20 percig, a l\u00e9gz\u00e9sedre \u00e9s a kapcsol\u00f3d\u00e1sra \u00f6sszpontos\u00edtva.<\/li>\n\n\n\n<li>S\u00e9t\u00e1lj mez\u00edtl\u00e1b a term\u00e9szetes talajon, hogy lef\u00f6ldeld az energi\u00e1idat.<\/li>\n\n\n\n<li>L\u00e1togass el egy v\u00edzparthoz (patak, t\u00f3, \u00f3ce\u00e1n), hogy megtiszt\u00edtsd az energiamez\u0151det.<\/li>\n\n\n\n<li>Pr\u00f3b\u00e1ld ki az \u201e\u00f6t \u00e9rz\u00e9k\u201d gyakorlatot: sz\u00e1nj h\u00e1rom percet az egyes \u00e9rz\u00e9kszerveidre k\u00fcl\u00f6n-k\u00fcl\u00f6n \u2013 figyelj meg r\u00e9szletesen \u00f6t dolgot, \u00e9rints meg n\u00e9gy dolgot, hallgass meg h\u00e1rom hangot, \u00e9rezz meg k\u00e9t illatot, \u00e9s \u00edzlelj meg egy dolgot (p\u00e9ld\u00e1ul egy mentalevelet vagy a friss leveg\u0151t). Ez az intuit\u00edv gondolkod\u00e1s fel\u00e9 tereli az agyi aktivit\u00e1st \u2013 ami ide\u00e1lis felk\u00e9sz\u00fcl\u00e9s a p\u00e1lmalev\u00e9l-felolvas\u00e1sra.<\/li>\n<\/ul>\n\n<h3 class=\"wp-block-heading\"><strong>A felolvas\u00e1s ut\u00e1n:<\/strong><\/h3>\n\n<ul class=\"wp-block-list\">\n<li>N\u00e9zz meg egy naplement\u00e9t, mik\u00f6zben a legfontosabb felismer\u00e9seken elm\u00e9lkedsz.<\/li>\n\n\n\n<li>Vidd magaddal a felolvas\u00e1s jegyzeteit a term\u00e9szetbe, \u00e9s napl\u00f3zz r\u00f3luk.<\/li>\n\n\n\n<li>L\u00e1togass el olyan helyekre, amelyek a f\u00f6ldet, a vizet, a t\u00fczet (napf\u00e9nyt) \u00e9s a leveg\u0151t k\u00e9pviselik, hogy integr\u00e1ld a kapott \u00fatmutat\u00e1st.<\/li>\n<\/ul>\n\n<figure class=\"wp-block-image size-large\"><img decoding=\"async\" src=\"\/wp-content\/uploads\/2025\/04\/woman-next-to-plants.png\" alt=\"woman next to plants\"\/><\/figure>\n\n<h2 class=\"wp-block-heading\"><strong>Napi kapcsol\u00f3d\u00e1s a term\u00e9szettel<\/strong><\/h2>\n\n<p class=\"wp-block-paragraph\">M\u00e9g ha nincs is a k\u00f6zeledben erd\u0151, a term\u00e9szet gy\u00f3gy\u00edt\u00f3 erej\u00e9t a mindennapjaidba is be\u00e9p\u00edtheted:<\/p>\n\n<ul class=\"wp-block-list\">\n<li>Helyezz el szoban\u00f6v\u00e9nyeket, amelyek mini-erd\u0151 hat\u00e1st keltenek.<\/li>\n\n\n\n<li>Hallgass term\u00e9szeti hangokat medit\u00e1ci\u00f3 k\u00f6zben.<\/li>\n\n\n\n<li>Vedd k\u00f6r\u00fcl magad term\u00e9szetes anyagokkal az \u00e9letteredben.<\/li>\n<\/ul>\n\n<p class=\"wp-block-paragraph\"><a href=\"https:\/\/ntrs.nasa.gov\/citations\/19930073077\" target=\"_blank\" rel=\"noreferrer noopener\">A NASA kutat\u00e1sai <\/a>meghat\u00e1rozt\u00e1k azokat a szoban\u00f6v\u00e9nyeket, amelyek a legjobb l\u00e9gtiszt\u00edt\u00f3 \u00e9s fitoncid-kibocs\u00e1t\u00f3 hat\u00e1st biztos\u00edtj\u00e1k, bele\u00e9rtve az any\u00f3snyelvet, a vitorlavir\u00e1got \u00e9s a szobap\u00e1fr\u00e1nyt. Ha ezeket a n\u00f6v\u00e9nyeket olyan helyre helyezed, ahol a p\u00e1lmaleveledb\u0151l kapott felismer\u00e9seken gondolkodsz, olyan mini-szent\u00e9lyt hozhatsz l\u00e9tre, amely t\u00e1mogatja az \u00fatmutat\u00e1s tov\u00e1bbi integr\u00e1l\u00e1s\u00e1t.<\/p>\n\n<p class=\"wp-block-paragraph\">Kimutatt\u00e1k, hogy a term\u00e9szeti k\u00f6rnyezetb\u0151l sz\u00e1rmaz\u00f3 hangfelv\u00e9telek rendszeres hallgat\u00e1sa a t\u00e9nyleges erd\u0151f\u00fcrd\u0151z\u00e9s \u00e9lettani el\u0151nyeinek ak\u00e1r 60%-\u00e1t is k\u00e9pes kiv\u00e1ltani. A madarakat, rovarokat, vizet \u00e9s a leveleken \u00e1tf\u00faj\u00f3 szelet tartalmaz\u00f3 j\u00f3 min\u0151s\u00e9g\u0171 felv\u00e9telek a leghat\u00e9konyabbak a t\u00f6bb\u00e9rz\u00e9kszervi \u00e9lm\u00e9ny megteremt\u00e9s\u00e9hez.<\/p>\n\n<h2 class=\"wp-block-heading\"><strong>Ahol az \u0151si b\u00f6lcsess\u00e9g tal\u00e1lkozik a modern tudom\u00e1nnyal<\/strong><\/h2>\n\n<p class=\"wp-block-paragraph\">A mai tudom\u00e1nyos eredm\u00e9nyek nem mondanak ellent a p\u00e1lmalevelek b\u00f6lcsess\u00e9g\u00e9nek \u2013 elmagyar\u00e1zz\u00e1k, hogyan m\u0171k\u00f6dik. Amikor a kutat\u00e1sok kimutatj\u00e1k, hogy a f\u00e1k vegy\u00fcletei er\u0151s\u00edtik az immunrendszert, az seg\u00edt meg\u00e9rteni, mi\u00e9rt v\u00e1lasztott\u00e1k a b\u00f6lcsek az erd\u0151ket a spiritu\u00e1lis gyakorlatokhoz. Amikor a tanulm\u00e1nyok a term\u00e9szetben t\u00f6lt\u00f6tt id\u0151 ut\u00e1n fokozott intu\u00edci\u00f3t igazolnak, jobban meg\u00e9rtj\u00fck, hogyan f\u00e9rtek hozz\u00e1 a Rishik a felismer\u00e9seikhez.<\/p>\n\n<p class=\"wp-block-paragraph\">A pszichoneuroimmunol\u00f3gia ter\u00fclete \u2013 amely az elme, az agy \u00e9s az immunrendszer k\u00f6lcs\u00f6nhat\u00e1s\u00e1t vizsg\u00e1lja \u2013 leny\u0171g\u00f6z\u0151 igazol\u00e1st ny\u00fajt az \u0151si gyakorlatoknak. P\u00e9ld\u00e1ul a ritmikus s\u00e9ta a term\u00e9szetben a meditat\u00edv \u00e1llapotokhoz kapcsol\u00f3d\u00f3 mint\u00e1zatokba hangolja az agyhull\u00e1mokat. A foly\u00f3v\u00edz k\u00f6zel\u00e9ben \u00e9s az es\u0151 ut\u00e1ni erd\u0151kben tal\u00e1lhat\u00f3 negat\u00edv ionok n\u00f6velik a szerotoninszintet, jav\u00edtva a hangulatot \u00e9s a ment\u00e1lis tisztas\u00e1got \u2013 ami megmagyar\u00e1zza, mi\u00e9rt javasol sok orvoss\u00e1g kifejezetten foly\u00f3k menti vagy es\u0151 ut\u00e1ni s\u00e9t\u00e1t.<\/p>\n\n<p class=\"wp-block-paragraph\">Az erd\u0151f\u00fcrd\u0151z\u00e9s \u00e9s a p\u00e1lmalev\u00e9l-felolvas\u00e1sok kombin\u00e1l\u00e1s\u00e1val az emberek ide\u00e1lis felt\u00e9teleket teremtenek mind a gy\u00f3gyul\u00e1shoz, mind a felismer\u00e9sekhez. Az erd\u0151k, amelyek az \u0151si Rishiket t\u00e1pl\u00e1lt\u00e1k, ma is k\u00e9szen \u00e1llnak arra, hogy t\u00e1mogass\u00e1k a j\u00f3ll\u00e9tet \u00e9s a spiritu\u00e1lis fejl\u0151d\u00e9st.<\/p>\n\n<h2 class=\"wp-block-heading\"><strong>A term\u00e9szet b\u00f6lcsess\u00e9ge a levelekben<\/strong><\/h2>\n\n<p class=\"wp-block-paragraph\">Mind az erd\u0151f\u00fcrd\u0151z\u00e9s, mind a p\u00e1lmalev\u00e9l-k\u00e9ziratok azt mutatj\u00e1k, hogy a b\u00f6lcsess\u00e9g a term\u00e9szeti rendszerekben lakozik. Ha tudatosan s\u00e9t\u00e1lsz a f\u00e1k k\u00f6z\u00f6tt, miel\u0151tt megkapn\u00e1d a saj\u00e1t <a href=\"https:\/\/mypalmleaf.com\/palm-leaves\/\" target=\"_blank\" rel=\"noreferrer noopener\">p\u00e1lmalev\u00e9l-felolvas\u00e1sodat<\/a>, \u00fajrateremted azokat a k\u00f6r\u00fclm\u00e9nyeket, amelyek seg\u00edtettek l\u00e9trehozni ezt az \u0151si tudom\u00e1nyt. Egyre ink\u00e1bb mesters\u00e9gess\u00e9 v\u00e1l\u00f3 vil\u00e1gunkban ezek a term\u00e9szeti gyakorlatok m\u00e9ly orvoss\u00e1got ny\u00fajtanak a testnek, az elm\u00e9nek \u00e9s a l\u00e9leknek.<\/p>\n\n<figure class=\"wp-block-image size-large\"><img decoding=\"async\" src=\"\/wp-content\/uploads\/2025\/04\/Woman-by-river-in-forest-scaled-1.jpg\" alt=\"Woman by river in forest\"\/><\/figure>\n\n<h2 class=\"wp-block-heading\"><strong>Gyakori k\u00e9rd\u00e9sek az erd\u0151f\u00fcrd\u0151z\u00e9sr\u0151l \u00e9s a p\u00e1lmalev\u00e9l-felolvas\u00e1sokr\u00f3l<\/strong><\/h2>\n\n<p class=\"wp-block-paragraph\"><strong>Mi az az erd\u0151f\u00fcrd\u0151z\u00e9s, \u00e9s hogyan kapcsol\u00f3dik a p\u00e1lmalev\u00e9l-felolvas\u00e1sokhoz?<\/strong> Az erd\u0151f\u00fcrd\u0151z\u00e9s a term\u00e9szetben val\u00f3 tudatos elmer\u00fcl\u00e9st jelenti. Az \u0151si Rishik, akik a p\u00e1lmalev\u00e9l-felolvas\u00e1sokat k\u00e9sz\u00edtett\u00e9k, erd\u0151kben \u00e9ltek, \u00e9s sok felolvas\u00e1s ma is a term\u00e9szetben t\u00f6lt\u00f6tt id\u0151t javasolja orvoss\u00e1gk\u00e9nt a spiritu\u00e1lis \u00e9s \u00e9rzelmi kih\u00edv\u00e1sokra. A term\u00e9szeti k\u00f6rnyezet, amely a f\u00e1kat t\u00e1pl\u00e1lja, az emberi tudatot \u00e9s fog\u00e9konys\u00e1got is t\u00e1pl\u00e1lja.<\/p>\n\n<p class=\"wp-block-paragraph\"><strong>Mennyi ideig \u00e9rdemes erd\u0151f\u00fcrd\u0151zni a j\u00f3t\u00e9kony hat\u00e1sok el\u00e9r\u00e9s\u00e9hez?<\/strong> M\u00e1r 20 perc is m\u00e9rhet\u0151 el\u0151ny\u00f6kkel j\u00e1r, p\u00e9ld\u00e1ul cs\u00f6kkenti a stresszhormonok szintj\u00e9t. Az immunrendszer t\u00e1mogat\u00e1s\u00e1hoz \u00e9rdemes heti 2-3 \u00f3r\u00e1t megc\u00e9lozni. Az \u0151si sz\u00f6vegek szerint a rendszeres, r\u00f6videbb alkalmak hasznosabbak, mint az alkalmank\u00e9nti hosszabbak.<\/p>\n\n<p class=\"wp-block-paragraph\"><strong>V\u00e1rosi parkokban is v\u00e9gezhet\u0151 az erd\u0151f\u00fcrd\u0151z\u00e9s?<\/strong> Igen! B\u00e1r a m\u00e9ly erd\u0151k ny\u00fajtj\u00e1k a legt\u00f6bb el\u0151nyt, m\u00e9g a f\u00e1kkal teli v\u00e1rosi z\u00f6ldter\u00fcletek is jelent\u0151s gy\u00f3gy\u00edt\u00f3 hat\u00e1st biztos\u00edtanak. A kutat\u00e1sok azt mutatj\u00e1k, hogy a term\u00e9szet kisebb adagjai is j\u00f3t\u00e9kony \u00e9lettani v\u00e1ltoz\u00e1sokat ind\u00edtanak el.<\/p>\n\n<p class=\"wp-block-paragraph\"><strong>Milyen f\u00e1k a legalkalmasabbak az erd\u0151f\u00fcrd\u0151z\u00e9shez?<\/strong> A feny\u0151k, c\u00e9drusok \u00e9s ciprusok nagy mennyis\u00e9gben bocs\u00e1tanak ki j\u00f3t\u00e9kony vegy\u00fcleteket. Az \u0151si sz\u00f6vegek azonban azt sugallj\u00e1k, hogy a saj\u00e1t r\u00e9gi\u00f3dban \u0151shonos f\u00e1k ny\u00fajtj\u00e1k a legkiegyens\u00falyozottabb el\u0151ny\u00f6ket az alkatod sz\u00e1m\u00e1ra. Az emberek a helyi n\u00f6v\u00e9nyfajokkal egy\u00fctt fejl\u0151dtek, saj\u00e1tos kapcsolatot kialak\u00edtva az \u0151shonos fitokemik\u00e1li\u00e1kkal.<\/p>\n\n<p class=\"wp-block-paragraph\"><strong>Hogyan seg\u00edt az erd\u0151f\u00fcrd\u0151z\u00e9s a p\u00e1lmalev\u00e9l-felolvas\u00e1sok meg\u00e9rt\u00e9s\u00e9ben?<\/strong> A term\u00e9szetben val\u00f3 elmer\u00fcl\u00e9s elcsendes\u00edti az analitikus elm\u00e9t, mik\u00f6zben er\u0151s\u00edti az intuit\u00edv gondolkod\u00e1st, \u00edgy ide\u00e1lis \u00e1llapotot teremt az al\u00e1bbiakban rejl\u0151 m\u00e9ly felismer\u00e9sek befogad\u00e1s\u00e1hoz \u00e9s feldolgoz\u00e1s\u00e1hoz: <a href=\"https:\/\/mypalmleaf.com\/\" target=\"_blank\" rel=\"noreferrer noopener\">p\u00e1lmalev\u00e9l-felolvas\u00e1sok<\/a>. Az EEG-vizsg\u00e1latok fokozott alfa-hull\u00e1m-aktivit\u00e1st mutatnak az erd\u0151f\u00fcrd\u0151z\u00e9s sor\u00e1n, ami hasonl\u00f3 ahhoz az agyi \u00e1llapothoz, amely el\u0151seg\u00edti a szimbolikus inform\u00e1ci\u00f3k m\u00e9lyebb \u00e9rtelmez\u00e9s\u00e9t.<\/p>\n\n<p class=\"wp-block-paragraph\"><a href=\"https:\/\/mypalmleaf.com\/\" target=\"_blank\" rel=\"noreferrer noopener\">L\u00e9pj kapcsolatba vel\u00fcnk<\/a>, \u00e9s fedezd fel, hogyan alak\u00edthatja \u00e1t az \u00e9letedet az \u0151si b\u00f6lcsess\u00e9g \u00e9s a term\u00e9szet gy\u00f3gy\u00edt\u00f3 erej\u00e9nek \u00f6tv\u00f6z\u00e9se.<\/p>\n","protected":false},"excerpt":{"rendered":"<p>Erd\u0151f\u00fcrd\u0151z\u00e9s: A term\u00e9szet testre \u00e9s l\u00e9lekre gyakorolt gy\u00f3gy\u00edt\u00f3 hat\u00e1s\u00e1nak tudom\u00e1nyos h\u00e1ttere A mai digit\u00e1lis vil\u00e1gban egy \u0151si gyakorlat \u00e9li renesz\u00e1nsz\u00e1t: az erd\u0151f\u00fcrd\u0151z\u00e9s, avagy ahogy a jap\u00e1n hagyom\u00e1ny nevezi, a \u201eshinrin-yoku\u201d. Ez a tudatos elmer\u00fcl\u00e9s a term\u00e9szetben figyelemre m\u00e9lt\u00f3 gy\u00f3gy\u00edt\u00f3 el\u0151ny\u00f6kkel j\u00e1r, amelyek kieg\u00e9sz\u00edtik az al\u00e1bbiakban meg\u0151rz\u00f6tt \u0151si b\u00f6lcsess\u00e9get: p\u00e1lmalev\u00e9l-felolvas\u00e1sok. Az erd\u0151ter\u00e1pia \u00e9s a hagyom\u00e1nyos p\u00e1lmalev\u00e9l-gyakorlatok [&hellip;]<\/p>\n","protected":false},"author":1,"featured_media":98999,"comment_status":"open","ping_status":"open","sticky":false,"template":"","format":"standard","meta":{"footnotes":""},"categories":[823],"tags":[],"class_list":["post-161790","post","type-post","status-publish","format-standard","has-post-thumbnail","hentry","category-gyogyitas-es-jolet"],"yoast_head":"<!-- This site is optimized with the Yoast SEO plugin v28.3 - https:\/\/yoast.com\/product\/yoast-seo-wordpress\/ -->\n<title>Erdei F\u00fcrd\u0151z\u00e9s: A Term\u00e9szet Gy\u00f3gy\u00edt\u00f3 Hat\u00e1s\u00e1nak Tudom\u00e1nya a Testre \u00e9s L\u00e9lekre - Mypalmleaf<\/title>\n<meta name=\"robots\" content=\"index, follow, max-snippet:-1, max-image-preview:large, max-video-preview:-1\" \/>\n<meta property=\"og:locale\" content=\"hu_HU\" \/>\n<meta property=\"og:type\" content=\"article\" \/>\n<meta property=\"og:title\" content=\"Erdei F\u00fcrd\u0151z\u00e9s: A Term\u00e9szet Gy\u00f3gy\u00edt\u00f3 Hat\u00e1s\u00e1nak Tudom\u00e1nya a Testre \u00e9s L\u00e9lekre - Mypalmleaf\" \/>\n<meta property=\"og:description\" content=\"Erd\u0151f\u00fcrd\u0151z\u00e9s: A term\u00e9szet testre \u00e9s l\u00e9lekre gyakorolt gy\u00f3gy\u00edt\u00f3 hat\u00e1s\u00e1nak tudom\u00e1nyos h\u00e1ttere A mai digit\u00e1lis vil\u00e1gban egy \u0151si gyakorlat \u00e9li renesz\u00e1nsz\u00e1t: az erd\u0151f\u00fcrd\u0151z\u00e9s, avagy ahogy a jap\u00e1n hagyom\u00e1ny nevezi, a \u201eshinrin-yoku\u201d. Ez a tudatos elmer\u00fcl\u00e9s a term\u00e9szetben figyelemre m\u00e9lt\u00f3 gy\u00f3gy\u00edt\u00f3 el\u0151ny\u00f6kkel j\u00e1r, amelyek kieg\u00e9sz\u00edtik az al\u00e1bbiakban meg\u0151rz\u00f6tt \u0151si b\u00f6lcsess\u00e9get: p\u00e1lmalev\u00e9l-felolvas\u00e1sok. Az erd\u0151ter\u00e1pia \u00e9s a hagyom\u00e1nyos p\u00e1lmalev\u00e9l-gyakorlatok [&hellip;]\" \/>\n<meta property=\"og:url\" content=\"https:\/\/mypalmleaf.com\/hu\/hu-forest-bathing-the-science-behind-natures-healing-effect-on-mind-and-body\/\" \/>\n<meta property=\"og:site_name\" content=\"Mypalmleaf\" \/>\n<meta property=\"article:publisher\" content=\"https:\/\/www.facebook.com\/Mypalmleaf\" \/>\n<meta property=\"article:published_time\" content=\"2025-04-26T18:30:00+00:00\" \/>\n<meta property=\"article:modified_time\" content=\"2026-06-09T18:09:22+00:00\" \/>\n<meta property=\"og:image\" content=\"https:\/\/mypalmleaf.com\/wp-content\/uploads\/2025\/04\/fi50.jpg\" \/>\n\t<meta property=\"og:image:width\" content=\"624\" \/>\n\t<meta property=\"og:image:height\" content=\"346\" \/>\n\t<meta property=\"og:image:type\" content=\"image\/jpeg\" \/>\n<meta name=\"author\" content=\"Mypalmleaf\" \/>\n<meta name=\"twitter:card\" content=\"summary_large_image\" \/>\n<meta name=\"twitter:label1\" content=\"Szerz\u0151:\" \/>\n\t<meta name=\"twitter:data1\" content=\"Mypalmleaf\" \/>\n\t<meta name=\"twitter:label2\" content=\"Becs\u00fclt olvas\u00e1si id\u0151\" \/>\n\t<meta name=\"twitter:data2\" content=\"12 perc\" \/>\n<script type=\"application\/ld+json\" class=\"yoast-schema-graph\">{\"@context\":\"https:\\\/\\\/schema.org\",\"@graph\":[{\"@type\":\"Article\",\"@id\":\"https:\\\/\\\/mypalmleaf.com\\\/hu\\\/hu-forest-bathing-the-science-behind-natures-healing-effect-on-mind-and-body\\\/#article\",\"isPartOf\":{\"@id\":\"https:\\\/\\\/mypalmleaf.com\\\/hu\\\/hu-forest-bathing-the-science-behind-natures-healing-effect-on-mind-and-body\\\/\"},\"author\":{\"name\":\"Mypalmleaf\",\"@id\":\"https:\\\/\\\/mypalmleaf.com\\\/hu\\\/#\\\/schema\\\/person\\\/865c3c7f353c784015133ed78c84e890\"},\"headline\":\"Erdei F\u00fcrd\u0151z\u00e9s: A Term\u00e9szet Gy\u00f3gy\u00edt\u00f3 Hat\u00e1s\u00e1nak Tudom\u00e1nya a Testre \u00e9s L\u00e9lekre\",\"datePublished\":\"2025-04-26T18:30:00+00:00\",\"dateModified\":\"2026-06-09T18:09:22+00:00\",\"mainEntityOfPage\":{\"@id\":\"https:\\\/\\\/mypalmleaf.com\\\/hu\\\/hu-forest-bathing-the-science-behind-natures-healing-effect-on-mind-and-body\\\/\"},\"wordCount\":2457,\"commentCount\":0,\"publisher\":{\"@id\":\"https:\\\/\\\/mypalmleaf.com\\\/hu\\\/#organization\"},\"image\":{\"@id\":\"https:\\\/\\\/mypalmleaf.com\\\/hu\\\/hu-forest-bathing-the-science-behind-natures-healing-effect-on-mind-and-body\\\/#primaryimage\"},\"thumbnailUrl\":\"https:\\\/\\\/mypalmleaf.com\\\/wp-content\\\/uploads\\\/2025\\\/04\\\/fi50.jpg\",\"articleSection\":[\"Gy\u00f3gy\u00edt\u00e1s \u00e9s J\u00f3l\u00e9t\"],\"inLanguage\":\"hu\",\"potentialAction\":[{\"@type\":\"CommentAction\",\"name\":\"Comment\",\"target\":[\"https:\\\/\\\/mypalmleaf.com\\\/hu\\\/hu-forest-bathing-the-science-behind-natures-healing-effect-on-mind-and-body\\\/#respond\"]}]},{\"@type\":\"WebPage\",\"@id\":\"https:\\\/\\\/mypalmleaf.com\\\/hu\\\/hu-forest-bathing-the-science-behind-natures-healing-effect-on-mind-and-body\\\/\",\"url\":\"https:\\\/\\\/mypalmleaf.com\\\/hu\\\/hu-forest-bathing-the-science-behind-natures-healing-effect-on-mind-and-body\\\/\",\"name\":\"Erdei F\u00fcrd\u0151z\u00e9s: A Term\u00e9szet Gy\u00f3gy\u00edt\u00f3 Hat\u00e1s\u00e1nak Tudom\u00e1nya a Testre \u00e9s L\u00e9lekre - Mypalmleaf\",\"isPartOf\":{\"@id\":\"https:\\\/\\\/mypalmleaf.com\\\/hu\\\/#website\"},\"primaryImageOfPage\":{\"@id\":\"https:\\\/\\\/mypalmleaf.com\\\/hu\\\/hu-forest-bathing-the-science-behind-natures-healing-effect-on-mind-and-body\\\/#primaryimage\"},\"image\":{\"@id\":\"https:\\\/\\\/mypalmleaf.com\\\/hu\\\/hu-forest-bathing-the-science-behind-natures-healing-effect-on-mind-and-body\\\/#primaryimage\"},\"thumbnailUrl\":\"https:\\\/\\\/mypalmleaf.com\\\/wp-content\\\/uploads\\\/2025\\\/04\\\/fi50.jpg\",\"datePublished\":\"2025-04-26T18:30:00+00:00\",\"dateModified\":\"2026-06-09T18:09:22+00:00\",\"breadcrumb\":{\"@id\":\"https:\\\/\\\/mypalmleaf.com\\\/hu\\\/hu-forest-bathing-the-science-behind-natures-healing-effect-on-mind-and-body\\\/#breadcrumb\"},\"inLanguage\":\"hu\",\"potentialAction\":[{\"@type\":\"ReadAction\",\"target\":[\"https:\\\/\\\/mypalmleaf.com\\\/hu\\\/hu-forest-bathing-the-science-behind-natures-healing-effect-on-mind-and-body\\\/\"]}]},{\"@type\":\"ImageObject\",\"inLanguage\":\"hu\",\"@id\":\"https:\\\/\\\/mypalmleaf.com\\\/hu\\\/hu-forest-bathing-the-science-behind-natures-healing-effect-on-mind-and-body\\\/#primaryimage\",\"url\":\"https:\\\/\\\/mypalmleaf.com\\\/wp-content\\\/uploads\\\/2025\\\/04\\\/fi50.jpg\",\"contentUrl\":\"https:\\\/\\\/mypalmleaf.com\\\/wp-content\\\/uploads\\\/2025\\\/04\\\/fi50.jpg\",\"width\":624,\"height\":346,\"caption\":\"fi50\"},{\"@type\":\"BreadcrumbList\",\"@id\":\"https:\\\/\\\/mypalmleaf.com\\\/hu\\\/hu-forest-bathing-the-science-behind-natures-healing-effect-on-mind-and-body\\\/#breadcrumb\",\"itemListElement\":[{\"@type\":\"ListItem\",\"position\":1,\"name\":\"Home\",\"item\":\"https:\\\/\\\/mypalmleaf.com\\\/hu\\\/\"},{\"@type\":\"ListItem\",\"position\":2,\"name\":\"Erdei F\u00fcrd\u0151z\u00e9s: A Term\u00e9szet Gy\u00f3gy\u00edt\u00f3 Hat\u00e1s\u00e1nak Tudom\u00e1nya a Testre \u00e9s L\u00e9lekre\"}]},{\"@type\":\"WebSite\",\"@id\":\"https:\\\/\\\/mypalmleaf.com\\\/hu\\\/#website\",\"url\":\"https:\\\/\\\/mypalmleaf.com\\\/hu\\\/\",\"name\":\"Mypalmleaf\",\"description\":\"\",\"publisher\":{\"@id\":\"https:\\\/\\\/mypalmleaf.com\\\/hu\\\/#organization\"},\"potentialAction\":[{\"@type\":\"SearchAction\",\"target\":{\"@type\":\"EntryPoint\",\"urlTemplate\":\"https:\\\/\\\/mypalmleaf.com\\\/hu\\\/?s={search_term_string}\"},\"query-input\":{\"@type\":\"PropertyValueSpecification\",\"valueRequired\":true,\"valueName\":\"search_term_string\"}}],\"inLanguage\":\"hu\"},{\"@type\":\"Organization\",\"@id\":\"https:\\\/\\\/mypalmleaf.com\\\/hu\\\/#organization\",\"name\":\"Mypalmleaf\",\"url\":\"https:\\\/\\\/mypalmleaf.com\\\/hu\\\/\",\"logo\":{\"@type\":\"ImageObject\",\"inLanguage\":\"hu\",\"@id\":\"https:\\\/\\\/mypalmleaf.com\\\/hu\\\/#\\\/schema\\\/logo\\\/image\\\/\",\"url\":\"https:\\\/\\\/mypalmleaf.com\\\/wp-content\\\/uploads\\\/2026\\\/04\\\/logo-2-2.webp\",\"contentUrl\":\"https:\\\/\\\/mypalmleaf.com\\\/wp-content\\\/uploads\\\/2026\\\/04\\\/logo-2-2.webp\",\"width\":800,\"height\":149,\"caption\":\"Mypalmleaf\"},\"image\":{\"@id\":\"https:\\\/\\\/mypalmleaf.com\\\/hu\\\/#\\\/schema\\\/logo\\\/image\\\/\"},\"sameAs\":[\"https:\\\/\\\/www.youtube.com\\\/@mypalmleaf2856\",\"https:\\\/\\\/www.instagram.com\\\/mypalmleaf\\\/\",\"https:\\\/\\\/www.facebook.com\\\/mypalmleaf\\\/\"],\"founder\":{\"@id\":\"https:\\\/\\\/mypalmleaf.com\\\/#founder\"},\"legalName\":\"Conscious Innovation Lab O\u00dc\",\"foundingDate\":\"2020\",\"vatID\":\"EE102459135\",\"taxID\":\"14825448\",\"address\":{\"@type\":\"PostalAddress\",\"streetAddress\":\"T\u00f6\u00f6stuse tn 48\",\"postalCode\":\"10416\",\"addressLocality\":\"Tallinn\",\"addressCountry\":\"EE\"},\"contactPoint\":{\"@type\":\"ContactPoint\",\"contactType\":\"customer support\",\"email\":\"info@mypalmleaf.com\",\"availableLanguage\":\"en\"}},{\"@type\":\"Person\",\"@id\":\"https:\\\/\\\/mypalmleaf.com\\\/hu\\\/#\\\/schema\\\/person\\\/865c3c7f353c784015133ed78c84e890\",\"name\":\"Mypalmleaf\",\"image\":{\"@type\":\"ImageObject\",\"inLanguage\":\"hu\",\"@id\":\"https:\\\/\\\/secure.gravatar.com\\\/avatar\\\/acd08137950a379405b13aa064d50d02667b98aac36c8f6f26d32316dcafcb11?s=96&d=mm&r=g\",\"url\":\"https:\\\/\\\/secure.gravatar.com\\\/avatar\\\/acd08137950a379405b13aa064d50d02667b98aac36c8f6f26d32316dcafcb11?s=96&d=mm&r=g\",\"contentUrl\":\"https:\\\/\\\/secure.gravatar.com\\\/avatar\\\/acd08137950a379405b13aa064d50d02667b98aac36c8f6f26d32316dcafcb11?s=96&d=mm&r=g\",\"caption\":\"Mypalmleaf\"},\"sameAs\":[\"https:\\\/\\\/mypalmleaf.com\"],\"url\":\"https:\\\/\\\/mypalmleaf.com\\\/hu\\\/author\\\/mpl\\\/\"},{\"@type\":\"Person\",\"@id\":\"https:\\\/\\\/mypalmleaf.com\\\/#founder\",\"name\":\"Stephan Oesterreicher\",\"jobTitle\":\"Founder\",\"worksFor\":{\"@id\":\"https:\\\/\\\/mypalmleaf.com\\\/#organization\"},\"url\":\"https:\\\/\\\/mypalmleaf.com\\\/the-story-of-mypalmleaf\\\/\"}]}<\/script>\n<!-- \/ Yoast SEO plugin. -->","yoast_head_json":{"title":"Erdei F\u00fcrd\u0151z\u00e9s: A Term\u00e9szet Gy\u00f3gy\u00edt\u00f3 Hat\u00e1s\u00e1nak Tudom\u00e1nya a Testre \u00e9s L\u00e9lekre - Mypalmleaf","robots":{"index":"index","follow":"follow","max-snippet":"max-snippet:-1","max-image-preview":"max-image-preview:large","max-video-preview":"max-video-preview:-1"},"og_locale":"hu_HU","og_type":"article","og_title":"Erdei F\u00fcrd\u0151z\u00e9s: A Term\u00e9szet Gy\u00f3gy\u00edt\u00f3 Hat\u00e1s\u00e1nak Tudom\u00e1nya a Testre \u00e9s L\u00e9lekre - Mypalmleaf","og_description":"Erd\u0151f\u00fcrd\u0151z\u00e9s: A term\u00e9szet testre \u00e9s l\u00e9lekre gyakorolt gy\u00f3gy\u00edt\u00f3 hat\u00e1s\u00e1nak tudom\u00e1nyos h\u00e1ttere A mai digit\u00e1lis vil\u00e1gban egy \u0151si gyakorlat \u00e9li renesz\u00e1nsz\u00e1t: az erd\u0151f\u00fcrd\u0151z\u00e9s, avagy ahogy a jap\u00e1n hagyom\u00e1ny nevezi, a \u201eshinrin-yoku\u201d. Ez a tudatos elmer\u00fcl\u00e9s a term\u00e9szetben figyelemre m\u00e9lt\u00f3 gy\u00f3gy\u00edt\u00f3 el\u0151ny\u00f6kkel j\u00e1r, amelyek kieg\u00e9sz\u00edtik az al\u00e1bbiakban meg\u0151rz\u00f6tt \u0151si b\u00f6lcsess\u00e9get: p\u00e1lmalev\u00e9l-felolvas\u00e1sok. Az erd\u0151ter\u00e1pia \u00e9s a hagyom\u00e1nyos p\u00e1lmalev\u00e9l-gyakorlatok [&hellip;]","og_url":"https:\/\/mypalmleaf.com\/hu\/hu-forest-bathing-the-science-behind-natures-healing-effect-on-mind-and-body\/","og_site_name":"Mypalmleaf","article_publisher":"https:\/\/www.facebook.com\/Mypalmleaf","article_published_time":"2025-04-26T18:30:00+00:00","article_modified_time":"2026-06-09T18:09:22+00:00","og_image":[{"width":624,"height":346,"url":"https:\/\/mypalmleaf.com\/wp-content\/uploads\/2025\/04\/fi50.jpg","type":"image\/jpeg"}],"author":"Mypalmleaf","twitter_card":"summary_large_image","twitter_misc":{"Szerz\u0151:":"Mypalmleaf","Becs\u00fclt olvas\u00e1si id\u0151":"12 perc"},"schema":{"@context":"https:\/\/schema.org","@graph":[{"@type":"Article","@id":"https:\/\/mypalmleaf.com\/hu\/hu-forest-bathing-the-science-behind-natures-healing-effect-on-mind-and-body\/#article","isPartOf":{"@id":"https:\/\/mypalmleaf.com\/hu\/hu-forest-bathing-the-science-behind-natures-healing-effect-on-mind-and-body\/"},"author":{"name":"Mypalmleaf","@id":"https:\/\/mypalmleaf.com\/hu\/#\/schema\/person\/865c3c7f353c784015133ed78c84e890"},"headline":"Erdei F\u00fcrd\u0151z\u00e9s: A Term\u00e9szet Gy\u00f3gy\u00edt\u00f3 Hat\u00e1s\u00e1nak Tudom\u00e1nya a Testre \u00e9s L\u00e9lekre","datePublished":"2025-04-26T18:30:00+00:00","dateModified":"2026-06-09T18:09:22+00:00","mainEntityOfPage":{"@id":"https:\/\/mypalmleaf.com\/hu\/hu-forest-bathing-the-science-behind-natures-healing-effect-on-mind-and-body\/"},"wordCount":2457,"commentCount":0,"publisher":{"@id":"https:\/\/mypalmleaf.com\/hu\/#organization"},"image":{"@id":"https:\/\/mypalmleaf.com\/hu\/hu-forest-bathing-the-science-behind-natures-healing-effect-on-mind-and-body\/#primaryimage"},"thumbnailUrl":"https:\/\/mypalmleaf.com\/wp-content\/uploads\/2025\/04\/fi50.jpg","articleSection":["Gy\u00f3gy\u00edt\u00e1s \u00e9s J\u00f3l\u00e9t"],"inLanguage":"hu","potentialAction":[{"@type":"CommentAction","name":"Comment","target":["https:\/\/mypalmleaf.com\/hu\/hu-forest-bathing-the-science-behind-natures-healing-effect-on-mind-and-body\/#respond"]}]},{"@type":"WebPage","@id":"https:\/\/mypalmleaf.com\/hu\/hu-forest-bathing-the-science-behind-natures-healing-effect-on-mind-and-body\/","url":"https:\/\/mypalmleaf.com\/hu\/hu-forest-bathing-the-science-behind-natures-healing-effect-on-mind-and-body\/","name":"Erdei F\u00fcrd\u0151z\u00e9s: A Term\u00e9szet Gy\u00f3gy\u00edt\u00f3 Hat\u00e1s\u00e1nak Tudom\u00e1nya a Testre \u00e9s L\u00e9lekre - Mypalmleaf","isPartOf":{"@id":"https:\/\/mypalmleaf.com\/hu\/#website"},"primaryImageOfPage":{"@id":"https:\/\/mypalmleaf.com\/hu\/hu-forest-bathing-the-science-behind-natures-healing-effect-on-mind-and-body\/#primaryimage"},"image":{"@id":"https:\/\/mypalmleaf.com\/hu\/hu-forest-bathing-the-science-behind-natures-healing-effect-on-mind-and-body\/#primaryimage"},"thumbnailUrl":"https:\/\/mypalmleaf.com\/wp-content\/uploads\/2025\/04\/fi50.jpg","datePublished":"2025-04-26T18:30:00+00:00","dateModified":"2026-06-09T18:09:22+00:00","breadcrumb":{"@id":"https:\/\/mypalmleaf.com\/hu\/hu-forest-bathing-the-science-behind-natures-healing-effect-on-mind-and-body\/#breadcrumb"},"inLanguage":"hu","potentialAction":[{"@type":"ReadAction","target":["https:\/\/mypalmleaf.com\/hu\/hu-forest-bathing-the-science-behind-natures-healing-effect-on-mind-and-body\/"]}]},{"@type":"ImageObject","inLanguage":"hu","@id":"https:\/\/mypalmleaf.com\/hu\/hu-forest-bathing-the-science-behind-natures-healing-effect-on-mind-and-body\/#primaryimage","url":"https:\/\/mypalmleaf.com\/wp-content\/uploads\/2025\/04\/fi50.jpg","contentUrl":"https:\/\/mypalmleaf.com\/wp-content\/uploads\/2025\/04\/fi50.jpg","width":624,"height":346,"caption":"fi50"},{"@type":"BreadcrumbList","@id":"https:\/\/mypalmleaf.com\/hu\/hu-forest-bathing-the-science-behind-natures-healing-effect-on-mind-and-body\/#breadcrumb","itemListElement":[{"@type":"ListItem","position":1,"name":"Home","item":"https:\/\/mypalmleaf.com\/hu\/"},{"@type":"ListItem","position":2,"name":"Erdei F\u00fcrd\u0151z\u00e9s: A Term\u00e9szet Gy\u00f3gy\u00edt\u00f3 Hat\u00e1s\u00e1nak Tudom\u00e1nya a Testre \u00e9s L\u00e9lekre"}]},{"@type":"WebSite","@id":"https:\/\/mypalmleaf.com\/hu\/#website","url":"https:\/\/mypalmleaf.com\/hu\/","name":"Mypalmleaf","description":"","publisher":{"@id":"https:\/\/mypalmleaf.com\/hu\/#organization"},"potentialAction":[{"@type":"SearchAction","target":{"@type":"EntryPoint","urlTemplate":"https:\/\/mypalmleaf.com\/hu\/?s={search_term_string}"},"query-input":{"@type":"PropertyValueSpecification","valueRequired":true,"valueName":"search_term_string"}}],"inLanguage":"hu"},{"@type":"Organization","@id":"https:\/\/mypalmleaf.com\/hu\/#organization","name":"Mypalmleaf","url":"https:\/\/mypalmleaf.com\/hu\/","logo":{"@type":"ImageObject","inLanguage":"hu","@id":"https:\/\/mypalmleaf.com\/hu\/#\/schema\/logo\/image\/","url":"https:\/\/mypalmleaf.com\/wp-content\/uploads\/2026\/04\/logo-2-2.webp","contentUrl":"https:\/\/mypalmleaf.com\/wp-content\/uploads\/2026\/04\/logo-2-2.webp","width":800,"height":149,"caption":"Mypalmleaf"},"image":{"@id":"https:\/\/mypalmleaf.com\/hu\/#\/schema\/logo\/image\/"},"sameAs":["https:\/\/www.youtube.com\/@mypalmleaf2856","https:\/\/www.instagram.com\/mypalmleaf\/","https:\/\/www.facebook.com\/mypalmleaf\/"],"founder":{"@id":"https:\/\/mypalmleaf.com\/#founder"},"legalName":"Conscious Innovation Lab O\u00dc","foundingDate":"2020","vatID":"EE102459135","taxID":"14825448","address":{"@type":"PostalAddress","streetAddress":"T\u00f6\u00f6stuse tn 48","postalCode":"10416","addressLocality":"Tallinn","addressCountry":"EE"},"contactPoint":{"@type":"ContactPoint","contactType":"customer support","email":"info@mypalmleaf.com","availableLanguage":"en"}},{"@type":"Person","@id":"https:\/\/mypalmleaf.com\/hu\/#\/schema\/person\/865c3c7f353c784015133ed78c84e890","name":"Mypalmleaf","image":{"@type":"ImageObject","inLanguage":"hu","@id":"https:\/\/secure.gravatar.com\/avatar\/acd08137950a379405b13aa064d50d02667b98aac36c8f6f26d32316dcafcb11?s=96&d=mm&r=g","url":"https:\/\/secure.gravatar.com\/avatar\/acd08137950a379405b13aa064d50d02667b98aac36c8f6f26d32316dcafcb11?s=96&d=mm&r=g","contentUrl":"https:\/\/secure.gravatar.com\/avatar\/acd08137950a379405b13aa064d50d02667b98aac36c8f6f26d32316dcafcb11?s=96&d=mm&r=g","caption":"Mypalmleaf"},"sameAs":["https:\/\/mypalmleaf.com"],"url":"https:\/\/mypalmleaf.com\/hu\/author\/mpl\/"},{"@type":"Person","@id":"https:\/\/mypalmleaf.com\/#founder","name":"Stephan Oesterreicher","jobTitle":"Founder","worksFor":{"@id":"https:\/\/mypalmleaf.com\/#organization"},"url":"https:\/\/mypalmleaf.com\/the-story-of-mypalmleaf\/"}]}},"_links":{"self":[{"href":"https:\/\/mypalmleaf.com\/hu\/wp-json\/wp\/v2\/posts\/161790","targetHints":{"allow":["GET"]}}],"collection":[{"href":"https:\/\/mypalmleaf.com\/hu\/wp-json\/wp\/v2\/posts"}],"about":[{"href":"https:\/\/mypalmleaf.com\/hu\/wp-json\/wp\/v2\/types\/post"}],"author":[{"embeddable":true,"href":"https:\/\/mypalmleaf.com\/hu\/wp-json\/wp\/v2\/users\/1"}],"replies":[{"embeddable":true,"href":"https:\/\/mypalmleaf.com\/hu\/wp-json\/wp\/v2\/comments?post=161790"}],"version-history":[{"count":1,"href":"https:\/\/mypalmleaf.com\/hu\/wp-json\/wp\/v2\/posts\/161790\/revisions"}],"predecessor-version":[{"id":175160,"href":"https:\/\/mypalmleaf.com\/hu\/wp-json\/wp\/v2\/posts\/161790\/revisions\/175160"}],"wp:featuredmedia":[{"embeddable":true,"href":"https:\/\/mypalmleaf.com\/hu\/wp-json\/wp\/v2\/media\/98999"}],"wp:attachment":[{"href":"https:\/\/mypalmleaf.com\/hu\/wp-json\/wp\/v2\/media?parent=161790"}],"wp:term":[{"taxonomy":"category","embeddable":true,"href":"https:\/\/mypalmleaf.com\/hu\/wp-json\/wp\/v2\/categories?post=161790"},{"taxonomy":"post_tag","embeddable":true,"href":"https:\/\/mypalmleaf.com\/hu\/wp-json\/wp\/v2\/tags?post=161790"}],"curies":[{"name":"wp","href":"https:\/\/api.w.org\/{rel}","templated":true}]}}